{"id":93069,"date":"2026-03-09T21:14:37","date_gmt":"2026-03-09T18:14:37","guid":{"rendered":"https:\/\/www.egemtv.com\/?p=93069"},"modified":"2026-03-09T21:14:38","modified_gmt":"2026-03-09T18:14:38","slug":"katarda-mahsur-kalan-turk-sporcular-memleketine-dondu","status":"publish","type":"post","link":"https:\/\/www.egemtv.com\/?p=93069","title":{"rendered":"Katar\u2019da mahsur kalan T\u00fcrk sporcular memleketine d\u00f6nd\u00fc"},"content":{"rendered":"<p>Ayd\u0131n\u2019\u0131n Ku\u015fadas\u0131 il\u00e7esinden futbol turnuvas\u0131 i\u00e7in Katar\u2019a giden, ABD ve \u0130srail\u2019in \u0130ran\u2019a sald\u0131rmas\u0131 sebebiyle b\u00f6lgede 12 g\u00fcnd\u00fcr mahsur kalan 31 ki\u015filik sporcu kafilesi bug\u00fcn T\u00fcrkiye\u2019ye d\u00f6nd\u00fc. Sporcular aileleri taraf\u0131ndan kar\u015f\u0131land\u0131.<br \/>\n<br \/>Ku\u015fadas\u0131\u2019nda faaliyet g\u00f6steren amat\u00f6r spor kul\u00fcb\u00fc K\u00fc\u00e7\u00fckada Spor, Katar Aspire Akademi\u2019nin davetiyle futbol turnuvas\u0131na kat\u0131lmak \u00fczere 25 \u015eubat\u2019ta Katar\u2019\u0131n ba\u015fkenti Doha\u2019ya gitti. 28 \u015eubat-5 Mart tarihleri aras\u0131nda yap\u0131lmas\u0131 planlanan turnuva, ABD ve \u0130srail\u2019in \u0130ran\u2019a y\u00f6nelik ba\u015flatt\u0131\u011f\u0131 sald\u0131r\u0131lar\u0131n ard\u0131ndan iptal edilirken, \u0130ran\u2019\u0131n kar\u015f\u0131 sald\u0131r\u0131ya ge\u00e7mesi sonras\u0131nda b\u00f6lgenin hava sahas\u0131 sivil u\u00e7u\u015flara kapat\u0131ld\u0131. U\u00e7u\u015flar\u0131n iptal olmas\u0131 sebebiyle Doha\u2019da 12 g\u00fcn mahsur kalan T\u00fcrk kafilesi, gerekli izinlerin al\u0131nmas\u0131n\u0131n ard\u0131ndan d\u00fcn saat 15.00\u2019te Aspire Akademi tesislerinden ayr\u0131larak otob\u00fcsle Suudi Arabistan\u2019\u0131n ba\u015fkenti Riyad\u2019a hareket etti. T\u00fcrkiye\u2019nin Doha\u2019daki yetkilileri ve Katarl\u0131 b\u00fcrokratlar taraf\u0131ndan u\u011furlanan kafile, yakla\u015f\u0131k 12 saat s\u00fcren yolculu\u011fun ard\u0131ndan Riyad\u2019a ula\u015ft\u0131. Bug\u00fcn sabah saat 06.30\u2019da T\u00fcrk Hava Yollar\u0131 u\u00e7a\u011f\u0131yla \u0130stanbul\u2019a hareket eden T\u00fcrk sporcular, daha sonra u\u00e7akla \u0130zmir\u2019e geldi. T\u00fcrk topraklar\u0131na ula\u015fan kafile, daha sonra karayolu ile Ayd\u0131n\u2019\u0131n Ku\u015fadas\u0131 il\u00e7esine ula\u015ft\u0131. Kul\u00fcp tesislerinde sporcular\u0131 kar\u015f\u0131layan aileler, \u00e7ocuklar\u0131na sar\u0131larak b\u00fcy\u00fck sevin\u00e7 ya\u015fad\u0131lar. Aileler, kafilenin sa\u011f salim yurda d\u00f6nmesine katk\u0131 sa\u011flayan yetkililere te\u015fekk\u00fcr ettiler.<\/p>\n<p>&#8220;F\u00fczeler havadayken imha ediliyordu&#8221;<br \/>\n<br \/>Ailesine kavu\u015ftu\u011fu i\u00e7in \u00e7ok mutlu oldu\u011funu belirten 12 ya\u015f\u0131ndaki Sami Efe S\u00f6nmez, &#8220;Asl\u0131nda biraz korktuk. Ama kald\u0131\u011f\u0131m\u0131z tesis baya\u011f\u0131 g\u00fcvenliydi. Havadaki f\u00fczeleri g\u00f6rebiliyorduk. F\u00fczeler havadayken imha ediliyordu. Ama yine de kal\u0131nt\u0131lar\u0131 yere d\u00fc\u015f\u00fcyordu. Aileme kavu\u015ftu\u011fum i\u00e7in \u00e7ok mutluyum. Sa\u011fl\u0131k durumum iyi, sadece biraz kula\u011f\u0131m a\u011fr\u0131yor&#8221; dedi.<br \/>\n<br \/>Sami Efe S\u00f6nmez\u2019in babas\u0131 G\u00fcrkay S\u00f6nmez de kafilenin sa\u011f salim Ku\u015fadas\u0131\u2019na gelmesine yard\u0131mc\u0131 olan yetkililere te\u015fekk\u00fcr ederek, &#8220;\u015eu an d\u00fcnyan\u0131n en mutlu babas\u0131y\u0131m. Herkesin evlad\u0131 can\u0131ndan bir par\u00e7a. Allah bug\u00fcn bana can par\u00e7ama kavu\u015fmay\u0131 nasip etti. \u00c7ocuklar\u0131m\u0131zla Doha\u2019da mahsur kald\u0131klar\u0131 s\u00fcre boyunca yak\u0131ndan ilgilenen herkese minnettar\u0131m&#8221; diye konu\u015ftu.<\/p>\n<p>&#8220;\u00dczerimizde 21 evlad\u0131m\u0131z\u0131n sorumlulu\u011fu vard\u0131&#8221;<br \/>\n<br \/>Kafile Ba\u015fkan\u0131 Mustafa G\u00f6k\u00e7e, &#8220;Ku\u015fadas\u0131\u2019na ula\u015fmak i\u00e7in \u00e7ocuklarla birlikte yakla\u015f\u0131k 26 saat yolculuk yapt\u0131k. Ku\u015fadas\u0131\u2019nda aileler \u00e7ok tedirgin olmu\u015ftu. Biz biraz endi\u015fe i\u00e7erisindeydik. \u00c7\u00fcnk\u00fc \u00fczerimizde 21 evlad\u0131m\u0131z\u0131n sorumlulu\u011fu vard\u0131. Bug\u00fcn \u00e7ok \u015f\u00fck\u00fcr burunlar\u0131 bile kanamadan \u00e7ocuklar\u0131m\u0131z\u0131 ailelerine emanet ettik. Ba\u015fta Cumhurba\u015fkan\u0131m\u0131z Recep Tayyip Erdo\u011fan olmak \u00fczere Gen\u00e7lik ve Spor Bakan\u0131 Osman A\u015fk\u0131n Bak\u2019a ve bizimle ilgilenen herkese \u00e7ok te\u015fekk\u00fcr ediyorum&#8221; dedi.<br \/><\/p>\n","protected":false},"excerpt":{"rendered":"<p>Ayd\u0131n\u2019\u0131n Ku\u015fadas\u0131 il\u00e7esinden futbol turnuvas\u0131 i\u00e7in Katar\u2019a giden, ABD ve \u0130srail\u2019in \u0130ran\u2019a sald\u0131rmas\u0131 sebebiyle b\u00f6lgede 12 g\u00fcnd\u00fcr mahsur kalan 31 ki\u015filik sporcu kafilesi bug\u00fcn T\u00fcrkiye\u2019ye d\u00f6nd\u00fc. Sporcular aileleri taraf\u0131ndan kar\u015f\u0131land\u0131. Ku\u015fadas\u0131\u2019nda faaliyet g\u00f6steren amat\u00f6r spor kul\u00fcb\u00fc K\u00fc\u00e7\u00fckada Spor, Katar Aspire Akademi\u2019nin davetiyle futbol turnuvas\u0131na kat\u0131lmak \u00fczere 25 \u015eubat\u2019ta Katar\u2019\u0131n ba\u015fkenti Doha\u2019ya gitti. 28 \u015eubat-5 Mart&#8230;<\/p>\n","protected":false},"author":1,"featured_media":93070,"comment_status":"open","ping_status":"open","sticky":false,"template":"","format":"standard","meta":{"_crdt_document":"","footnotes":""},"categories":[1],"tags":[],"class_list":["post-93069","post","type-post","status-publish","format-standard","has-post-thumbnail","hentry","category-guncel"],"_links":{"self":[{"href":"https:\/\/www.egemtv.com\/index.php?rest_route=\/wp\/v2\/posts\/93069","targetHints":{"allow":["GET"]}}],"collection":[{"href":"https:\/\/www.egemtv.com\/index.php?rest_route=\/wp\/v2\/posts"}],"about":[{"href":"https:\/\/www.egemtv.com\/index.php?rest_route=\/wp\/v2\/types\/post"}],"author":[{"embeddable":true,"href":"https:\/\/www.egemtv.com\/index.php?rest_route=\/wp\/v2\/users\/1"}],"replies":[{"embeddable":true,"href":"https:\/\/www.egemtv.com\/index.php?rest_route=%2Fwp%2Fv2%2Fcomments&post=93069"}],"version-history":[{"count":1,"href":"https:\/\/www.egemtv.com\/index.php?rest_route=\/wp\/v2\/posts\/93069\/revisions"}],"predecessor-version":[{"id":93071,"href":"https:\/\/www.egemtv.com\/index.php?rest_route=\/wp\/v2\/posts\/93069\/revisions\/93071"}],"wp:featuredmedia":[{"embeddable":true,"href":"https:\/\/www.egemtv.com\/index.php?rest_route=\/wp\/v2\/media\/93070"}],"wp:attachment":[{"href":"https:\/\/www.egemtv.com\/index.php?rest_route=%2Fwp%2Fv2%2Fmedia&parent=93069"}],"wp:term":[{"taxonomy":"category","embeddable":true,"href":"https:\/\/www.egemtv.com\/index.php?rest_route=%2Fwp%2Fv2%2Fcategories&post=93069"},{"taxonomy":"post_tag","embeddable":true,"href":"https:\/\/www.egemtv.com\/index.php?rest_route=%2Fwp%2Fv2%2Ftags&post=93069"}],"curies":[{"name":"wp","href":"https:\/\/api.w.org\/{rel}","templated":true}]}}