{"id":93066,"date":"2026-03-09T20:54:48","date_gmt":"2026-03-09T17:54:48","guid":{"rendered":"https:\/\/www.egemtv.com\/?p=93066"},"modified":"2026-03-09T20:54:49","modified_gmt":"2026-03-09T17:54:49","slug":"manisa-ile-balkan-cografyasi-iftar-sofrasinda-bulustu","status":"publish","type":"post","link":"https:\/\/www.egemtv.com\/?p=93066","title":{"rendered":"Manisa ile Balkan co\u011frafyas\u0131 iftar sofras\u0131nda bulu\u015ftu"},"content":{"rendered":"<p>Manisa Balkanlar K\u00fclt\u00fcr ve Dayan\u0131\u015fma Derne\u011fi taraf\u0131ndan d\u00fczenlenen iftar program\u0131, Manisa B\u00fcy\u00fck\u015fehir Belediye Ba\u015fkan\u0131 Besim Dutlulu ve Bulgaristan\u2019dan gelen heyeti bir araya getirdi. Birlik ve beraberlik mesajlar\u0131n\u0131n verildi\u011fi gecede, iki b\u00f6lge aras\u0131ndaki ili\u015fkilerin daha da g\u00fc\u00e7lendirilmesinin hedeflendi\u011fi vurguland\u0131.<br \/>\n<br \/>Manisa Balkanlar K\u00fclt\u00fcr ve Dayan\u0131\u015fma Derne\u011fi ev sahipli\u011findeki iftara Manisa B\u00fcy\u00fck\u015fehir Belediye Ba\u015fkan\u0131 Besim Dutlulu\u2019nun yan\u0131 s\u0131ra CHP \u0130l Ba\u015fkan\u0131 \u0130lksen \u00d6zalper, karde\u015f \u015fehir K\u0131rcaali Belediye Ba\u015fkan\u0131 Erol M\u00fcm\u00fcn, Sliven Milletvekili H\u00fcseyin Haf\u0131zov, \u015eumen Milletvekili Hamid Hamid, Cebel Belediye Ba\u015fkan\u0131 Necmi Ali ve \u00e7ok say\u0131da vatanda\u015f kat\u0131ld\u0131.<br \/>\n<br \/>Manisa Balkanlar K\u00fclt\u00fcr ve Dayan\u0131\u015fma Derne\u011fi Ba\u015fkan\u0131 Altan Haf\u0131zismailo\u011flu, konuklara te\u015fekk\u00fcr ederek, &#8220;Ramazan ay\u0131, dayan\u0131\u015fma ruhunu ve g\u00f6n\u00fcl birli\u011fini peki\u015ftirirken, sahip oldu\u011fumuz nimetlere \u015f\u00fckretmemizi sa\u011fl\u0131yor&#8221; ifadelerini kulland\u0131.<\/p>\n<p>&#8220;\u0130li\u015fkilerimiz daha da g\u00fc\u00e7lenecek&#8221;<br \/>\n<br \/>Ramazan ay\u0131nda kurulan sofralarla birlik beraberlik g\u00fc\u00e7lerinin artt\u0131\u011f\u0131n\u0131 s\u00f6yleyen Manisa B\u00fcy\u00fck\u015fehir Belediye Ba\u015fkan\u0131 Besim Dutlulu ise, Ramazan ay\u0131n\u0131n birle\u015ftirici g\u00fcc\u00fcn\u00fcn, payla\u015fman\u0131n g\u00f6n\u00fclleri bir araya getirmede \u00f6nemli bir rol \u00fcstlendi\u011fini s\u00f6yledi. Herkese hay\u0131rl\u0131 Ramazanlar dileklerini ileten Ba\u015fkan Dutlulu, Manisa Balkanlar K\u00fclt\u00fcr ve Dayan\u0131\u015fma Derne\u011fi\u2019nin iftar yeme\u011finde bulunmaktan mutlu oldu\u011funu s\u00f6yledi. Ba\u015fkan Dutlulu, Bulgaristan ile olan ba\u011flar\u0131n \u00f6nemine de\u011finerek, 2019 y\u0131l\u0131ndan bu yana s\u00fcregelen karde\u015f \u015fehir ili\u015fkilerini hat\u0131rlatt\u0131. K\u0131rcaali Belediyesi ve Bulgaristan\u2019dan gelen milletvekilleriyle ger\u00e7ekle\u015ftirdikleri toplant\u0131n\u0131n son derece verimli ge\u00e7ti\u011fini belirten Ba\u015fkan Dutlulu, &#8220;Manisa B\u00fcy\u00fck\u015fehir Belediyesi olarak, Bulgaristan ve K\u0131rcaali ile olan ili\u015fkilerimizi her ge\u00e7en g\u00fcn daha da ileriye ta\u015f\u0131makta kararl\u0131y\u0131z&#8221; dedi.<br \/>\n<br \/>K\u0131rcaali Belediye Ba\u015fkan\u0131 Erol M\u00fcm\u00fcn, iftar sofras\u0131n\u0131 payla\u015fmaktan duydu\u011fu mutlulu\u011fu dile getirerek, T\u00fcrk toplumu olarak iyi ve k\u00f6t\u00fc g\u00fcnlerde birbirine destek olman\u0131n \u00f6nemine vurgu yapt\u0131.<br \/>\n<br \/>CHP \u0130l Ba\u015fkan\u0131 \u0130lksen \u00d6zalper de dernek y\u00f6netimine te\u015fekk\u00fcrlerini ileterek, 8 Mart D\u00fcnya Emek\u00e7i Kad\u0131nlar G\u00fcn\u00fc\u2019n\u00fc kutlad\u0131 ve gelecek y\u0131llarda da ayn\u0131 sofralarda bir araya gelme temennisinde bulundu.<br \/><\/p>\n","protected":false},"excerpt":{"rendered":"<p>Manisa Balkanlar K\u00fclt\u00fcr ve Dayan\u0131\u015fma Derne\u011fi taraf\u0131ndan d\u00fczenlenen iftar program\u0131, Manisa B\u00fcy\u00fck\u015fehir Belediye Ba\u015fkan\u0131 Besim Dutlulu ve Bulgaristan\u2019dan gelen heyeti bir araya getirdi. Birlik ve beraberlik mesajlar\u0131n\u0131n verildi\u011fi gecede, iki b\u00f6lge aras\u0131ndaki ili\u015fkilerin daha da g\u00fc\u00e7lendirilmesinin hedeflendi\u011fi vurguland\u0131. Manisa Balkanlar K\u00fclt\u00fcr ve Dayan\u0131\u015fma Derne\u011fi ev sahipli\u011findeki iftara Manisa B\u00fcy\u00fck\u015fehir Belediye Ba\u015fkan\u0131 Besim Dutlulu\u2019nun yan\u0131 s\u0131ra&#8230;<\/p>\n","protected":false},"author":1,"featured_media":93067,"comment_status":"open","ping_status":"open","sticky":false,"template":"","format":"standard","meta":{"_crdt_document":"","footnotes":""},"categories":[123],"tags":[],"class_list":["post-93066","post","type-post","status-publish","format-standard","has-post-thumbnail","hentry","category-gundem"],"_links":{"self":[{"href":"https:\/\/www.egemtv.com\/index.php?rest_route=\/wp\/v2\/posts\/93066","targetHints":{"allow":["GET"]}}],"collection":[{"href":"https:\/\/www.egemtv.com\/index.php?rest_route=\/wp\/v2\/posts"}],"about":[{"href":"https:\/\/www.egemtv.com\/index.php?rest_route=\/wp\/v2\/types\/post"}],"author":[{"embeddable":true,"href":"https:\/\/www.egemtv.com\/index.php?rest_route=\/wp\/v2\/users\/1"}],"replies":[{"embeddable":true,"href":"https:\/\/www.egemtv.com\/index.php?rest_route=%2Fwp%2Fv2%2Fcomments&post=93066"}],"version-history":[{"count":1,"href":"https:\/\/www.egemtv.com\/index.php?rest_route=\/wp\/v2\/posts\/93066\/revisions"}],"predecessor-version":[{"id":93068,"href":"https:\/\/www.egemtv.com\/index.php?rest_route=\/wp\/v2\/posts\/93066\/revisions\/93068"}],"wp:featuredmedia":[{"embeddable":true,"href":"https:\/\/www.egemtv.com\/index.php?rest_route=\/wp\/v2\/media\/93067"}],"wp:attachment":[{"href":"https:\/\/www.egemtv.com\/index.php?rest_route=%2Fwp%2Fv2%2Fmedia&parent=93066"}],"wp:term":[{"taxonomy":"category","embeddable":true,"href":"https:\/\/www.egemtv.com\/index.php?rest_route=%2Fwp%2Fv2%2Fcategories&post=93066"},{"taxonomy":"post_tag","embeddable":true,"href":"https:\/\/www.egemtv.com\/index.php?rest_route=%2Fwp%2Fv2%2Ftags&post=93066"}],"curies":[{"name":"wp","href":"https:\/\/api.w.org\/{rel}","templated":true}]}}