{"id":93063,"date":"2026-03-09T18:34:38","date_gmt":"2026-03-09T15:34:38","guid":{"rendered":"https:\/\/www.egemtv.com\/?p=93063"},"modified":"2026-03-09T18:34:39","modified_gmt":"2026-03-09T15:34:39","slug":"koycegiz-floor-curling-takimi-turkiye-finallerine-katilma-hakki-kazandi","status":"publish","type":"post","link":"https:\/\/www.egemtv.com\/?p=93063","title":{"rendered":"K\u00f6yce\u011fiz Floor Curling tak\u0131m\u0131 T\u00fcrkiye finallerine kat\u0131lma hakk\u0131 kazand\u0131"},"content":{"rendered":"<p>Mu\u011fla\u2019n\u0131n K\u00f6yce\u011fiz il\u00e7esi Naip H\u00fcseyin Anadolu Lisesi Floor Curling Gen\u00e7 A Karma Tak\u0131m\u0131 b\u00f6lge ikincisi olarak T\u00fcrkiye finallerine kat\u0131lma hakk\u0131 kazand\u0131.<\/p>\n<p>K\u00f6yce\u011fiz Naip H\u00fcseyin Anadolu Lisesi Floor Curling Gen\u00e7 A Karma Tak\u0131m\u0131 \u00c7anakkale\u2019de yap\u0131lan b\u00f6lge m\u00fcsabakalar\u0131nda zorlu rakiplerle m\u00fccadele ederek ikincilik ba\u015far\u0131s\u0131n\u0131 elde etti. Ak\u00e7a Elif T\u00fcz\u00fcn ve \u00d6mer Da\u015fg\u0131n\u2019dan olu\u015fan K\u00f6yce\u011fiz Naip H\u00fcseyin Anadolu Lisesi Floor Curling Gen\u00e7 A Karma tak\u0131m\u0131, 05-08 Mart tarihlerinde \u00c7anakkale\u2019de yap\u0131lan b\u00f6lge m\u00fcsabakalar\u0131nda &#8220;B\u00f6lge 2. si&#8221; olarak 17-19 Nisan tarihlerinde Samsun\u2019da d\u00fczenlenecek olan T\u00fcrkiye finallerine Mu\u011fla\u2019y\u0131 temsilen gitmeye hak kazand\u0131. K\u00f6yce\u011fiz Naip H\u00fcseyin Anadolu Lisesi M\u00fcd\u00fcrl\u00fc\u011f\u00fc taraf\u0131ndan yap\u0131lan a\u00e7\u0131klamada; &#8220;Desteklerini esirgemeyen ba\u015fta Kaymakam\u0131m\u0131z Mert Kumcu olmak \u00fczere Belediye Ba\u015fkan\u0131m\u0131z Ali Erdo\u011fan\u2019a, \u0130l\u00e7e Milli E\u011fitim M\u00fcd\u00fcr\u00fcm\u00fcz Taner \u015een\u2019e ve \u0130l\u00e7e Gen\u00e7lik Spor M\u00fcd\u00fcr\u00fcm\u00fcz Mehmet Kaleli\u2019ye te\u015fekk\u00fcr ederiz. Tak\u0131m\u0131m\u0131za T\u00fcrkiye \u015fampiyonas\u0131nda ba\u015far\u0131lar dileriz.&#8221; ifadeleri kullan\u0131ld\u0131.<br \/><\/p>\n","protected":false},"excerpt":{"rendered":"<p>Mu\u011fla\u2019n\u0131n K\u00f6yce\u011fiz il\u00e7esi Naip H\u00fcseyin Anadolu Lisesi Floor Curling Gen\u00e7 A Karma Tak\u0131m\u0131 b\u00f6lge ikincisi olarak T\u00fcrkiye finallerine kat\u0131lma hakk\u0131 kazand\u0131. K\u00f6yce\u011fiz Naip H\u00fcseyin Anadolu Lisesi Floor Curling Gen\u00e7 A Karma Tak\u0131m\u0131 \u00c7anakkale\u2019de yap\u0131lan b\u00f6lge m\u00fcsabakalar\u0131nda zorlu rakiplerle m\u00fccadele ederek ikincilik ba\u015far\u0131s\u0131n\u0131 elde etti. Ak\u00e7a Elif T\u00fcz\u00fcn ve \u00d6mer Da\u015fg\u0131n\u2019dan olu\u015fan K\u00f6yce\u011fiz Naip H\u00fcseyin Anadolu&#8230;<\/p>\n","protected":false},"author":1,"featured_media":93064,"comment_status":"open","ping_status":"open","sticky":false,"template":"","format":"standard","meta":{"_crdt_document":"","footnotes":""},"categories":[4],"tags":[],"class_list":["post-93063","post","type-post","status-publish","format-standard","has-post-thumbnail","hentry","category-spor"],"_links":{"self":[{"href":"https:\/\/www.egemtv.com\/index.php?rest_route=\/wp\/v2\/posts\/93063","targetHints":{"allow":["GET"]}}],"collection":[{"href":"https:\/\/www.egemtv.com\/index.php?rest_route=\/wp\/v2\/posts"}],"about":[{"href":"https:\/\/www.egemtv.com\/index.php?rest_route=\/wp\/v2\/types\/post"}],"author":[{"embeddable":true,"href":"https:\/\/www.egemtv.com\/index.php?rest_route=\/wp\/v2\/users\/1"}],"replies":[{"embeddable":true,"href":"https:\/\/www.egemtv.com\/index.php?rest_route=%2Fwp%2Fv2%2Fcomments&post=93063"}],"version-history":[{"count":1,"href":"https:\/\/www.egemtv.com\/index.php?rest_route=\/wp\/v2\/posts\/93063\/revisions"}],"predecessor-version":[{"id":93065,"href":"https:\/\/www.egemtv.com\/index.php?rest_route=\/wp\/v2\/posts\/93063\/revisions\/93065"}],"wp:featuredmedia":[{"embeddable":true,"href":"https:\/\/www.egemtv.com\/index.php?rest_route=\/wp\/v2\/media\/93064"}],"wp:attachment":[{"href":"https:\/\/www.egemtv.com\/index.php?rest_route=%2Fwp%2Fv2%2Fmedia&parent=93063"}],"wp:term":[{"taxonomy":"category","embeddable":true,"href":"https:\/\/www.egemtv.com\/index.php?rest_route=%2Fwp%2Fv2%2Fcategories&post=93063"},{"taxonomy":"post_tag","embeddable":true,"href":"https:\/\/www.egemtv.com\/index.php?rest_route=%2Fwp%2Fv2%2Ftags&post=93063"}],"curies":[{"name":"wp","href":"https:\/\/api.w.org\/{rel}","templated":true}]}}