{"id":92994,"date":"2026-03-09T14:55:00","date_gmt":"2026-03-09T11:55:00","guid":{"rendered":"https:\/\/www.egemtv.com\/?p=92994"},"modified":"2026-03-09T14:55:01","modified_gmt":"2026-03-09T11:55:01","slug":"tarihi-arastada-kadin-emegi-fotograflarla-sergilendi","status":"publish","type":"post","link":"https:\/\/www.egemtv.com\/?p=92994","title":{"rendered":"Tarihi Arasta\u2019da kad\u0131n eme\u011fi foto\u011fraflarla sergilendi"},"content":{"rendered":"<p>\u0130zmir\u2019in Bergama il\u00e7esinde a\u00e7\u0131lan \u2019Arasta\u2019da Kad\u0131n Olmak\u2019 isimli sergi yo\u011fun ilgi g\u00f6rd\u00fc.<br \/>\n<br \/>Bergama Arasta K\u00fclt\u00fcr Sanat ve E\u011fitim Derne\u011fi\u2019nce (BAKSED) 8 Mart D\u00fcnya Kad\u0131nlar G\u00fcn\u00fc dolay\u0131s\u0131yla 7- 8 Mart tarihlerinde d\u00fczenlenen &#8220;Arasta\u2018da Kad\u0131n Olmak&#8221; isimli sergide Arasta\u2018da farkl\u0131 alanlarda \u00e7al\u0131\u015fan kad\u0131nlar\u0131n g\u00fcnl\u00fck ya\u015famlar\u0131, emekleri ve mesleklerini icra ederken olan anlar\u0131 objektiflere yans\u0131d\u0131.<br \/>\n<br \/>Bergama Arasta K\u00fclt\u00fcr Sanat ve E\u011fitim Derne\u011fi (BAKSED) Y\u00f6netim Kurulu Ba\u015fkan\u0131 Av. Ahu Rubac\u0131 d\u00fczenledikleri etkinlik ile ilgili &#8220;Bug\u00fcn burada 8 Mart Kad\u0131nlar G\u00fcn\u00fc kapsam\u0131nda bir \u00e7al\u0131\u015fma ger\u00e7ekle\u015ftiriyoruz. Bu \u00e7al\u0131\u015fmay\u0131 \u00fc\u00e7 ad\u0131mda planlad\u0131k. Video tan\u0131t\u0131mlar\u0131, Arastada d\u00fckk\u00e2n sahibi olan zanaatkar, sanat\u00e7\u0131 ve esnaf kad\u0131nlar\u0131m\u0131z\u0131n d\u00fckkanlar\u0131na bir etiket tasarlad\u0131k. Bu d\u00fckkan\u0131 ayakta tutan kad\u0131n\u0131n ad\u0131n\u0131n ve d\u00fckkan\u0131n yerinin yaz\u0131l\u0131 oldu\u011fu etiketleri d\u00fckkanlar\u0131n\u0131n camlar\u0131na ast\u0131k. Video \u00e7al\u0131\u015fmas\u0131nda ise &#8220;Burada Olmak Zor mu?&#8221; sorusunun cevab\u0131n\u0131 ald\u0131k kad\u0131nlar\u0131n. Bug\u00fcn de bunun \u00fc\u00e7\u00fcnc\u00fc ad\u0131m\u0131n\u0131 ger\u00e7ekle\u015ftiriyoruz. Asl\u0131nda bu bir sergi de\u011fil bu bir tan\u0131kl\u0131k. Arastada bulunan halen faaliyette olan zanaatkar, sanatkar ve esnaf emek\u00e7i kad\u0131nlar\u0131n ellerinin foto\u011fraflar\u0131n\u0131 \u00e7al\u0131\u015ft\u0131k. \u00c7\u00fcnk\u00fc \u00fcretimin, eme\u011fin ve hayat\u0131n en b\u00fcy\u00fck yat\u0131r\u0131m\u0131n\u0131n eller oldu\u011funu d\u00fc\u015f\u00fcn\u00fcyoruz&#8221; diye konu\u015ftu.<br \/>\n<br \/>Tarihi Osmanl\u0131 Arastas\u0131\u2019ndaki \u2019Arasta\u2019da Kad\u0131n Olmak\u2019 isimli sergiye Bergamal\u0131lar yo\u011fun ilgi g\u00f6sterdi.<br \/><\/p>\n","protected":false},"excerpt":{"rendered":"<p>\u0130zmir\u2019in Bergama il\u00e7esinde a\u00e7\u0131lan \u2019Arasta\u2019da Kad\u0131n Olmak\u2019 isimli sergi yo\u011fun ilgi g\u00f6rd\u00fc. Bergama Arasta K\u00fclt\u00fcr Sanat ve E\u011fitim Derne\u011fi\u2019nce (BAKSED) 8 Mart D\u00fcnya Kad\u0131nlar G\u00fcn\u00fc dolay\u0131s\u0131yla 7- 8 Mart tarihlerinde d\u00fczenlenen &#8220;Arasta\u2018da Kad\u0131n Olmak&#8221; isimli sergide Arasta\u2018da farkl\u0131 alanlarda \u00e7al\u0131\u015fan kad\u0131nlar\u0131n g\u00fcnl\u00fck ya\u015famlar\u0131, emekleri ve mesleklerini icra ederken olan anlar\u0131 objektiflere yans\u0131d\u0131. Bergama Arasta K\u00fclt\u00fcr&#8230;<\/p>\n","protected":false},"author":1,"featured_media":92995,"comment_status":"open","ping_status":"open","sticky":false,"template":"","format":"standard","meta":{"_crdt_document":"","footnotes":""},"categories":[1],"tags":[],"class_list":["post-92994","post","type-post","status-publish","format-standard","has-post-thumbnail","hentry","category-guncel"],"_links":{"self":[{"href":"https:\/\/www.egemtv.com\/index.php?rest_route=\/wp\/v2\/posts\/92994","targetHints":{"allow":["GET"]}}],"collection":[{"href":"https:\/\/www.egemtv.com\/index.php?rest_route=\/wp\/v2\/posts"}],"about":[{"href":"https:\/\/www.egemtv.com\/index.php?rest_route=\/wp\/v2\/types\/post"}],"author":[{"embeddable":true,"href":"https:\/\/www.egemtv.com\/index.php?rest_route=\/wp\/v2\/users\/1"}],"replies":[{"embeddable":true,"href":"https:\/\/www.egemtv.com\/index.php?rest_route=%2Fwp%2Fv2%2Fcomments&post=92994"}],"version-history":[{"count":1,"href":"https:\/\/www.egemtv.com\/index.php?rest_route=\/wp\/v2\/posts\/92994\/revisions"}],"predecessor-version":[{"id":92996,"href":"https:\/\/www.egemtv.com\/index.php?rest_route=\/wp\/v2\/posts\/92994\/revisions\/92996"}],"wp:featuredmedia":[{"embeddable":true,"href":"https:\/\/www.egemtv.com\/index.php?rest_route=\/wp\/v2\/media\/92995"}],"wp:attachment":[{"href":"https:\/\/www.egemtv.com\/index.php?rest_route=%2Fwp%2Fv2%2Fmedia&parent=92994"}],"wp:term":[{"taxonomy":"category","embeddable":true,"href":"https:\/\/www.egemtv.com\/index.php?rest_route=%2Fwp%2Fv2%2Fcategories&post=92994"},{"taxonomy":"post_tag","embeddable":true,"href":"https:\/\/www.egemtv.com\/index.php?rest_route=%2Fwp%2Fv2%2Ftags&post=92994"}],"curies":[{"name":"wp","href":"https:\/\/api.w.org\/{rel}","templated":true}]}}