{"id":92991,"date":"2026-03-09T14:54:59","date_gmt":"2026-03-09T11:54:59","guid":{"rendered":"https:\/\/www.egemtv.com\/?p=92991"},"modified":"2026-03-09T14:55:00","modified_gmt":"2026-03-09T11:55:00","slug":"katarda-mahsur-kalan-sporcular-turkiyeye-geldi","status":"publish","type":"post","link":"https:\/\/www.egemtv.com\/?p=92991","title":{"rendered":"Katar\u2019da mahsur kalan sporcular T\u00fcrkiye\u2019ye geldi"},"content":{"rendered":"<p>Katar\u2019a futbol turnuvas\u0131na kat\u0131lmak i\u00e7in gittikten sonra mahsur kalan Ku\u015fadas\u0131 K\u00fc\u00e7\u00fckada Spor Kul\u00fcb\u00fc kafilesi T\u00fcrkiye\u2019ye geldi.<\/p>\n<p>ABD ve \u0130srail\u2019in \u0130ran\u2019a y\u00f6nelik sald\u0131r\u0131lar\u0131 sonras\u0131 b\u00f6lgede ya\u015fanan geli\u015fmeler nedeniyle Katar\u2019\u0131n ba\u015fkenti Doha\u2019da mahsur kalan 31 ki\u015filik Ku\u015fadas\u0131 K\u00fc\u00e7\u00fckada Spor Kul\u00fcb\u00fc kafilesi, T\u00fcrkiye\u2019ye d\u00f6nmek \u00fczere Katar B\u00fcy\u00fckel\u00e7isi Mustafa G\u00f6ksu taraf\u0131ndan u\u011furlanm\u0131\u015ft\u0131. 10-12 ya\u015f aral\u0131\u011f\u0131ndaki 21 sporcu, 8 teknik heyet \u00fcyesi ve bir sporcunun 2 aile \u00fcyesinden olu\u015fan kafile, Katar\u2019dan otob\u00fcs ile hareket ederek \u00f6nce Riyad\u2019a buradan da havayolu ile T\u00fcrkiye\u2019ye geldi. \u0130stanbul\u2019a sorunsuz bir \u015fekilde ini\u015f yapan u\u00e7akla yurda d\u00f6nen sporcular\u0131n buradan tekrar havayolu ile \u0130zmir Adnan Menderes Havaliman\u0131\u2019na ard\u0131ndan da karayolu ile Ku\u015fadas\u0131\u2019na gelecekleri \u00f6\u011frenildi.<br \/><\/p>\n","protected":false},"excerpt":{"rendered":"<p>Katar\u2019a futbol turnuvas\u0131na kat\u0131lmak i\u00e7in gittikten sonra mahsur kalan Ku\u015fadas\u0131 K\u00fc\u00e7\u00fckada Spor Kul\u00fcb\u00fc kafilesi T\u00fcrkiye\u2019ye geldi. ABD ve \u0130srail\u2019in \u0130ran\u2019a y\u00f6nelik sald\u0131r\u0131lar\u0131 sonras\u0131 b\u00f6lgede ya\u015fanan geli\u015fmeler nedeniyle Katar\u2019\u0131n ba\u015fkenti Doha\u2019da mahsur kalan 31 ki\u015filik Ku\u015fadas\u0131 K\u00fc\u00e7\u00fckada Spor Kul\u00fcb\u00fc kafilesi, T\u00fcrkiye\u2019ye d\u00f6nmek \u00fczere Katar B\u00fcy\u00fckel\u00e7isi Mustafa G\u00f6ksu taraf\u0131ndan u\u011furlanm\u0131\u015ft\u0131. 10-12 ya\u015f aral\u0131\u011f\u0131ndaki 21 sporcu, 8 teknik&#8230;<\/p>\n","protected":false},"author":1,"featured_media":92992,"comment_status":"open","ping_status":"open","sticky":false,"template":"","format":"standard","meta":{"_crdt_document":"","footnotes":""},"categories":[1],"tags":[],"class_list":["post-92991","post","type-post","status-publish","format-standard","has-post-thumbnail","hentry","category-guncel"],"_links":{"self":[{"href":"https:\/\/www.egemtv.com\/index.php?rest_route=\/wp\/v2\/posts\/92991","targetHints":{"allow":["GET"]}}],"collection":[{"href":"https:\/\/www.egemtv.com\/index.php?rest_route=\/wp\/v2\/posts"}],"about":[{"href":"https:\/\/www.egemtv.com\/index.php?rest_route=\/wp\/v2\/types\/post"}],"author":[{"embeddable":true,"href":"https:\/\/www.egemtv.com\/index.php?rest_route=\/wp\/v2\/users\/1"}],"replies":[{"embeddable":true,"href":"https:\/\/www.egemtv.com\/index.php?rest_route=%2Fwp%2Fv2%2Fcomments&post=92991"}],"version-history":[{"count":1,"href":"https:\/\/www.egemtv.com\/index.php?rest_route=\/wp\/v2\/posts\/92991\/revisions"}],"predecessor-version":[{"id":92993,"href":"https:\/\/www.egemtv.com\/index.php?rest_route=\/wp\/v2\/posts\/92991\/revisions\/92993"}],"wp:featuredmedia":[{"embeddable":true,"href":"https:\/\/www.egemtv.com\/index.php?rest_route=\/wp\/v2\/media\/92992"}],"wp:attachment":[{"href":"https:\/\/www.egemtv.com\/index.php?rest_route=%2Fwp%2Fv2%2Fmedia&parent=92991"}],"wp:term":[{"taxonomy":"category","embeddable":true,"href":"https:\/\/www.egemtv.com\/index.php?rest_route=%2Fwp%2Fv2%2Fcategories&post=92991"},{"taxonomy":"post_tag","embeddable":true,"href":"https:\/\/www.egemtv.com\/index.php?rest_route=%2Fwp%2Fv2%2Ftags&post=92991"}],"curies":[{"name":"wp","href":"https:\/\/api.w.org\/{rel}","templated":true}]}}