{"id":92988,"date":"2026-03-09T14:35:29","date_gmt":"2026-03-09T11:35:29","guid":{"rendered":"https:\/\/www.egemtv.com\/?p=92988"},"modified":"2026-03-09T14:35:29","modified_gmt":"2026-03-09T11:35:29","slug":"evinden-cikan-suphelileri-kovalayan-genc-vurularak-olduruldu","status":"publish","type":"post","link":"https:\/\/www.egemtv.com\/?p=92988","title":{"rendered":"Evinden \u00e7\u0131kan \u015f\u00fcphelileri kovalayan gen\u00e7 vurularak \u00f6ld\u00fcr\u00fcld\u00fc"},"content":{"rendered":"<p>\u0130zmir\u2019de evinden \u00e7\u0131kan tan\u0131mad\u0131\u011f\u0131 ki\u015fileri kovalarken silahl\u0131 sald\u0131r\u0131ya u\u011frayan gen\u00e7, kald\u0131r\u0131ld\u0131\u011f\u0131 hastanede hayat\u0131n\u0131 kaybetti. Olay\u0131n ard\u0131ndan karanl\u0131kta izlerini kaybettiren ve ka\u00e7\u0131\u015f anlar\u0131 g\u00fcvenlik kameras\u0131na yans\u0131yan 2 \u015f\u00fcphelinin yakalanmas\u0131 i\u00e7in \u00e7al\u0131\u015fma ba\u015flat\u0131ld\u0131.<br \/>\n<br \/>Olay, d\u00fcn ak\u015fam saatlerinde Torbal\u0131 il\u00e7esine ba\u011fl\u0131 Karakuyu Mahallesi\u2019nde meydana geldi. Edinilen bilgiye g\u00f6re, ailesiyle birlikte kom\u015fusundan d\u00f6nen Mehmet K\u00f6stek\u00e7i (24), ikametinden tan\u0131mad\u0131\u011f\u0131 \u015fah\u0131slar\u0131n \u00e7\u0131kt\u0131\u011f\u0131n\u0131 g\u00f6rd\u00fc. \u015e\u00fcphelilerin pe\u015fine d\u00fc\u015fen gen\u00e7, evinin yan\u0131nda bulunan zeytinlik araziye do\u011fru bu ki\u015fileri kovalad\u0131. Kovalamaca esnas\u0131nda \u015f\u00fcpheliler taraf\u0131ndan 3-4 el ate\u015f a\u00e7\u0131ld\u0131. Silahtan \u00e7\u0131kan mermilerden birinin v\u00fccuduna isabet etmesi sonucu Mehmet K\u00f6stek\u00e7i a\u011f\u0131r yaraland\u0131. \u00c7evredekilerin ihbar\u0131 \u00fczerine b\u00f6lgeye sa\u011fl\u0131k ve jandarma ekipleri sevk edildi. Olay yerinde sa\u011fl\u0131k ekiplerince ilk m\u00fcdahalesi yap\u0131lan yaral\u0131 gen\u00e7, ambulansla Torbal\u0131 Devlet Hastanesi\u2019ne kald\u0131r\u0131ld\u0131. Mehmet K\u00f6stek\u00e7i, burada doktorlar\u0131n yapt\u0131\u011f\u0131 t\u00fcm m\u00fcdahalelere ra\u011fmen kurtar\u0131lamayarak ya\u015fam\u0131n\u0131 yitirdi.<\/p>\n<p>Ka\u00e7\u0131\u015f anlar\u0131 kamerada<br \/>\n<br \/>\u00d6te yandan, cinayeti i\u015fleyen iki \u015f\u00fcphelinin olaydan sonraki ka\u00e7\u0131\u015f anlar\u0131 b\u00f6lgede bulunan bir i\u015f yerinin g\u00fcvenlik kameras\u0131na yans\u0131d\u0131. G\u00f6r\u00fcnt\u00fclerde, iki \u015f\u00fcphelinin ba\u011f bah\u00e7esine do\u011fru ko\u015ftu\u011fu ve ard\u0131ndan karanl\u0131kta g\u00f6zden kayboldu\u011fu anlar yer ald\u0131. Jandarma ekipleri, g\u00fcvenlik kameras\u0131 kay\u0131tlar\u0131 \u00fczerine yo\u011funla\u015farak \u015f\u00fcphelileri yakalamak i\u00e7in operasyonlar\u0131n\u0131 s\u00fcrd\u00fcr\u00fcyor.<br \/><\/p>\n","protected":false},"excerpt":{"rendered":"<p>\u0130zmir\u2019de evinden \u00e7\u0131kan tan\u0131mad\u0131\u011f\u0131 ki\u015fileri kovalarken silahl\u0131 sald\u0131r\u0131ya u\u011frayan gen\u00e7, kald\u0131r\u0131ld\u0131\u011f\u0131 hastanede hayat\u0131n\u0131 kaybetti. Olay\u0131n ard\u0131ndan karanl\u0131kta izlerini kaybettiren ve ka\u00e7\u0131\u015f anlar\u0131 g\u00fcvenlik kameras\u0131na yans\u0131yan 2 \u015f\u00fcphelinin yakalanmas\u0131 i\u00e7in \u00e7al\u0131\u015fma ba\u015flat\u0131ld\u0131. Olay, d\u00fcn ak\u015fam saatlerinde Torbal\u0131 il\u00e7esine ba\u011fl\u0131 Karakuyu Mahallesi\u2019nde meydana geldi. Edinilen bilgiye g\u00f6re, ailesiyle birlikte kom\u015fusundan d\u00f6nen Mehmet K\u00f6stek\u00e7i (24), ikametinden tan\u0131mad\u0131\u011f\u0131 \u015fah\u0131slar\u0131n&#8230;<\/p>\n","protected":false},"author":1,"featured_media":92989,"comment_status":"open","ping_status":"open","sticky":false,"template":"","format":"standard","meta":{"_crdt_document":"","footnotes":""},"categories":[5],"tags":[],"class_list":["post-92988","post","type-post","status-publish","format-standard","has-post-thumbnail","hentry","category-asayis"],"_links":{"self":[{"href":"https:\/\/www.egemtv.com\/index.php?rest_route=\/wp\/v2\/posts\/92988","targetHints":{"allow":["GET"]}}],"collection":[{"href":"https:\/\/www.egemtv.com\/index.php?rest_route=\/wp\/v2\/posts"}],"about":[{"href":"https:\/\/www.egemtv.com\/index.php?rest_route=\/wp\/v2\/types\/post"}],"author":[{"embeddable":true,"href":"https:\/\/www.egemtv.com\/index.php?rest_route=\/wp\/v2\/users\/1"}],"replies":[{"embeddable":true,"href":"https:\/\/www.egemtv.com\/index.php?rest_route=%2Fwp%2Fv2%2Fcomments&post=92988"}],"version-history":[{"count":1,"href":"https:\/\/www.egemtv.com\/index.php?rest_route=\/wp\/v2\/posts\/92988\/revisions"}],"predecessor-version":[{"id":92990,"href":"https:\/\/www.egemtv.com\/index.php?rest_route=\/wp\/v2\/posts\/92988\/revisions\/92990"}],"wp:featuredmedia":[{"embeddable":true,"href":"https:\/\/www.egemtv.com\/index.php?rest_route=\/wp\/v2\/media\/92989"}],"wp:attachment":[{"href":"https:\/\/www.egemtv.com\/index.php?rest_route=%2Fwp%2Fv2%2Fmedia&parent=92988"}],"wp:term":[{"taxonomy":"category","embeddable":true,"href":"https:\/\/www.egemtv.com\/index.php?rest_route=%2Fwp%2Fv2%2Fcategories&post=92988"},{"taxonomy":"post_tag","embeddable":true,"href":"https:\/\/www.egemtv.com\/index.php?rest_route=%2Fwp%2Fv2%2Ftags&post=92988"}],"curies":[{"name":"wp","href":"https:\/\/api.w.org\/{rel}","templated":true}]}}