{"id":92985,"date":"2026-03-09T14:14:41","date_gmt":"2026-03-09T11:14:41","guid":{"rendered":"https:\/\/www.egemtv.com\/?p=92985"},"modified":"2026-03-09T14:14:43","modified_gmt":"2026-03-09T11:14:43","slug":"halk-oyunlari-soleni-izleyenleri-mest-etti","status":"publish","type":"post","link":"https:\/\/www.egemtv.com\/?p=92985","title":{"rendered":"Halk oyunlar\u0131 \u015f\u00f6leni izleyenleri mest etti"},"content":{"rendered":"<p>Halk Oyunlar\u0131 Kul\u00fcpler \u0130l \u015eampiyonas\u0131 Vali Recep Yaz\u0131c\u0131o\u011flu Spor Salonu\u2019nda ger\u00e7ekle\u015fen yar\u0131\u015fmalarla tamamland\u0131. Ekiplerin aylar s\u00fcren haz\u0131rl\u0131klar\u0131n\u0131n sonunda sahnedeki performanslar\u0131 trib\u00fcnleri dolduran seyirciler taraf\u0131ndan ayakta alk\u0131\u015fland\u0131.<\/p>\n<p>Denizli Gen\u00e7lik Spor \u0130l M\u00fcd\u00fcrl\u00fc\u011f\u00fc ile Halk Oyunlar\u0131 Federasyonu Denizli Temsilcili\u011fi organizasyonunda d\u00fczenlenen Halk Oyunlar\u0131 Kul\u00fcpler \u0130l \u015eampiyonas\u0131, 8 Mart Pazar g\u00fcn\u00fc Vali Recep Yaz\u0131c\u0131o\u011flu Spor Salonunda ger\u00e7ekle\u015fti. 10 kul\u00fcpten 16 ekibin farkl\u0131 kategorilerde performanslar\u0131n\u0131 sergiledi\u011fi yar\u0131\u015fmalar izleyicileri b\u00fcy\u00fcledi. Halk Oyunlar\u0131 yar\u0131\u015fmalar\u0131na sporcu aileleri ve vatanda\u015flar yo\u011fun ilgi g\u00f6sterdi. G\u00fcm\u00fc\u015fler\u2019de bulunan Vali Recep Yaz\u0131c\u0131o\u011flu Spor Salonunda trib\u00fcnleri dolduran seyirciler ekiplere tezah\u00fcrat ve alk\u0131\u015flarla destek verdi. Seremoninin ard\u0131ndan ekipler, Geleneksel D\u00fczenlemeli ve Geleneksel D\u00fczenlemesiz dalda s\u0131rayla sahne ald\u0131. Halk Oyunlar\u0131n\u0131n ge\u00e7mi\u015ften gelece\u011fe uzanan, tarihimizi ve k\u00fclt\u00fcrel de\u011ferlerimizi yans\u0131tan en b\u00fcy\u00fck zenginli\u011fimiz oldu\u011funu s\u00f6yleyen Gen\u00e7lik ve Spor \u0130l M\u00fcd\u00fcr\u00fc S\u00fcleyman Erdo\u011fan, bu co\u015fkuyu ya\u015fatan halk oyunu ekiplerine, antren\u00f6rlere ve onlara destek olan ailelere te\u015fekk\u00fcr etti.<\/p>\n<p>Halk Oyunlar\u0131 yar\u0131\u015fmalar\u0131nda Minikler, Y\u0131ld\u0131zlar, Gen\u00e7ler ve B\u00fcy\u00fckler kategorilerinde toplam 16 ekip yar\u0131\u015ft\u0131. Sahne alan ekiplerin uyum ve performanslar\u0131na g\u00f6re Halk Oyunlar\u0131 milli hakemlerinden olu\u015fan 8 ki\u015filik j\u00fcri taraf\u0131ndan puanlama yap\u0131ld\u0131. G\u00fcn boyu s\u00fcren yar\u0131\u015fmalar sonunda yap\u0131lan \u00f6d\u00fcl t\u00f6reniyle derece elde eden ekiplere kupa ve madalyalar\u0131 takdim edildi. Derece elde eden ekipler, ileri tarihlerde yap\u0131lacak b\u00f6lgesel ve ulusal yar\u0131\u015fmalarda Denizli\u2019yi temsil etmeye hak kazand\u0131.<\/p>\n<p>Dereceye giren kul\u00fcpler ise; Minikler d\u00fczenlemesiz dalda 1\u2019inci Tavas Birlik SK, Y\u0131ld\u0131zlar d\u00fczenlemesiz dalda 1\u2019inci Destan Halk Oyunlar\u0131 SK olurken 2\u2019inci G\u00fczelp\u0131nar K\u00fclt\u00fcr ve Ya\u015fatma SK oldu. Minikler d\u00fczenlemeli dalda 1\u2019inci Vali Recep Yaz\u0131c\u0131o\u011flu \u0130lkokulu SK, Y\u0131ld\u0131zlar d\u00fczenlemeli dalda ise Grangaz SK oldu. Gen\u00e7ler d\u00fczenlemesiz kad\u0131nlarda 1\u2019inci Zeyyah SK, 2\u2019inci Hemdem SK olurken, Gen\u00e7ler D\u00fczenlemesiz erkeklerde ise 1\u2019inci Kale Belediye SK oldu. Gen\u00e7ler D\u00fczenlemesiz Karmada 1\u2019inci Hemdem SK, Gen\u00e7ler D\u00fczenlemeli Dalda ise 1\u2019inci Kale Belediye SK, 2\u2019inci ise Hemdem SK oldu. B\u00fcy\u00fckler D\u00fczenlemesiz Kad\u0131nlar 1\u2019inci Destan Halk Oyunlar\u0131 SK, B\u00fcy\u00fckler D\u00fczenlemesiz Erkeklerde 1\u2019inci Ya\u015far Saniye Gemici Anadolu Lisesi SK, 2\u2019inci \u0130ndigo Sanat SK, B\u00fcy\u00fckler D\u00fczenlemesiz Karmada ise 1\u2019inci \u0130ndigo Sanat SK oldu.<br \/><\/p>\n","protected":false},"excerpt":{"rendered":"<p>Halk Oyunlar\u0131 Kul\u00fcpler \u0130l \u015eampiyonas\u0131 Vali Recep Yaz\u0131c\u0131o\u011flu Spor Salonu\u2019nda ger\u00e7ekle\u015fen yar\u0131\u015fmalarla tamamland\u0131. Ekiplerin aylar s\u00fcren haz\u0131rl\u0131klar\u0131n\u0131n sonunda sahnedeki performanslar\u0131 trib\u00fcnleri dolduran seyirciler taraf\u0131ndan ayakta alk\u0131\u015fland\u0131. Denizli Gen\u00e7lik Spor \u0130l M\u00fcd\u00fcrl\u00fc\u011f\u00fc ile Halk Oyunlar\u0131 Federasyonu Denizli Temsilcili\u011fi organizasyonunda d\u00fczenlenen Halk Oyunlar\u0131 Kul\u00fcpler \u0130l \u015eampiyonas\u0131, 8 Mart Pazar g\u00fcn\u00fc Vali Recep Yaz\u0131c\u0131o\u011flu Spor Salonunda ger\u00e7ekle\u015fti. 10&#8230;<\/p>\n","protected":false},"author":1,"featured_media":92986,"comment_status":"open","ping_status":"open","sticky":false,"template":"","format":"standard","meta":{"_crdt_document":"","footnotes":""},"categories":[1],"tags":[],"class_list":["post-92985","post","type-post","status-publish","format-standard","has-post-thumbnail","hentry","category-guncel"],"_links":{"self":[{"href":"https:\/\/www.egemtv.com\/index.php?rest_route=\/wp\/v2\/posts\/92985","targetHints":{"allow":["GET"]}}],"collection":[{"href":"https:\/\/www.egemtv.com\/index.php?rest_route=\/wp\/v2\/posts"}],"about":[{"href":"https:\/\/www.egemtv.com\/index.php?rest_route=\/wp\/v2\/types\/post"}],"author":[{"embeddable":true,"href":"https:\/\/www.egemtv.com\/index.php?rest_route=\/wp\/v2\/users\/1"}],"replies":[{"embeddable":true,"href":"https:\/\/www.egemtv.com\/index.php?rest_route=%2Fwp%2Fv2%2Fcomments&post=92985"}],"version-history":[{"count":1,"href":"https:\/\/www.egemtv.com\/index.php?rest_route=\/wp\/v2\/posts\/92985\/revisions"}],"predecessor-version":[{"id":92987,"href":"https:\/\/www.egemtv.com\/index.php?rest_route=\/wp\/v2\/posts\/92985\/revisions\/92987"}],"wp:featuredmedia":[{"embeddable":true,"href":"https:\/\/www.egemtv.com\/index.php?rest_route=\/wp\/v2\/media\/92986"}],"wp:attachment":[{"href":"https:\/\/www.egemtv.com\/index.php?rest_route=%2Fwp%2Fv2%2Fmedia&parent=92985"}],"wp:term":[{"taxonomy":"category","embeddable":true,"href":"https:\/\/www.egemtv.com\/index.php?rest_route=%2Fwp%2Fv2%2Fcategories&post=92985"},{"taxonomy":"post_tag","embeddable":true,"href":"https:\/\/www.egemtv.com\/index.php?rest_route=%2Fwp%2Fv2%2Ftags&post=92985"}],"curies":[{"name":"wp","href":"https:\/\/api.w.org\/{rel}","templated":true}]}}