{"id":92982,"date":"2026-03-09T14:14:40","date_gmt":"2026-03-09T11:14:40","guid":{"rendered":"https:\/\/www.egemtv.com\/?p=92982"},"modified":"2026-03-09T14:14:41","modified_gmt":"2026-03-09T11:14:41","slug":"yangin-ani-okulda-tatbikatla-canlandirildi","status":"publish","type":"post","link":"https:\/\/www.egemtv.com\/?p=92982","title":{"rendered":"Yang\u0131n an\u0131 okulda tatbikatla canland\u0131r\u0131ld\u0131"},"content":{"rendered":"<p>Manisa\u2019n\u0131n Sar\u0131g\u00f6l il\u00e7esinde, \u00f6\u011frencilerin muhtemel afet ve yang\u0131n durumlar\u0131na kar\u015f\u0131 bilin\u00e7lendirilmesi amac\u0131yla yang\u0131n ve tahliye tatbikat\u0131 ger\u00e7ekle\u015ftirildi.<br \/>\n<br \/>Manisa B\u00fcy\u00fck\u015fehir Belediyesi Sar\u0131g\u00f6l \u0130tfaiye Amirli\u011fi ile Sar\u0131g\u00f6l Milli Egemenlik \u00c7ok Programl\u0131 Anadolu Lisesi i\u015f birli\u011finde d\u00fczenlenen tatbikata yakla\u015f\u0131k 200 \u00f6\u011frenci ve 30 \u00f6\u011fretmen kat\u0131ld\u0131.<br \/>\n<br \/>Tatbikat kapsam\u0131nda Sar\u0131g\u00f6l \u0130tfaiye Amirli\u011fi ekipleri taraf\u0131ndan \u00f6\u011frencilere yang\u0131nla m\u00fccadele, yang\u0131n an\u0131nda ve sonras\u0131nda yap\u0131lmas\u0131 gerekenler, yang\u0131n s\u00f6nd\u00fcrme cihazlar\u0131n\u0131n kullan\u0131m\u0131 ve g\u00fcvenli tahliye konular\u0131nda bilgilendirme yap\u0131ld\u0131.<br \/>\n<br \/>Sar\u0131g\u00f6l Milli Egemenlik \u00c7ok Programl\u0131 Anadolu Lisesi M\u00fcd\u00fcr\u00fc Feray Turhan, \u00f6\u011frencilerin afet durumlar\u0131nda do\u011fru hareket etmelerinin b\u00fcy\u00fck \u00f6nem ta\u015f\u0131d\u0131\u011f\u0131n\u0131 belirterek, &#8220;Sar\u0131g\u00f6l \u0130tfaiye Amirli\u011fi ekipleri taraf\u0131ndan yang\u0131nla m\u00fccadele, yang\u0131n an\u0131nda ve sonras\u0131nda yap\u0131lmas\u0131 gerekenler ile yang\u0131n s\u00f6nd\u00fcrme cihazlar\u0131n\u0131n kullan\u0131m\u0131 hakk\u0131nda \u00f6\u011frencilerimize bilgiler verildi. Ayr\u0131ca yang\u0131n ve deprem gibi afetlerde binan\u0131n nas\u0131l tahliye edilmesi gerekti\u011fi uygulamal\u0131 olarak g\u00f6sterildi.&#8221; dedi.<br \/>\n<br \/>Tatbikatta \u00f6\u011frencilere yang\u0131n \u00e7\u0131k\u0131\u015f nedenleri ve al\u0131nmas\u0131 gereken \u00f6nlemler hakk\u0131nda da kapsaml\u0131 bilgiler verildi.<br \/><\/p>\n","protected":false},"excerpt":{"rendered":"<p>Manisa\u2019n\u0131n Sar\u0131g\u00f6l il\u00e7esinde, \u00f6\u011frencilerin muhtemel afet ve yang\u0131n durumlar\u0131na kar\u015f\u0131 bilin\u00e7lendirilmesi amac\u0131yla yang\u0131n ve tahliye tatbikat\u0131 ger\u00e7ekle\u015ftirildi. Manisa B\u00fcy\u00fck\u015fehir Belediyesi Sar\u0131g\u00f6l \u0130tfaiye Amirli\u011fi ile Sar\u0131g\u00f6l Milli Egemenlik \u00c7ok Programl\u0131 Anadolu Lisesi i\u015f birli\u011finde d\u00fczenlenen tatbikata yakla\u015f\u0131k 200 \u00f6\u011frenci ve 30 \u00f6\u011fretmen kat\u0131ld\u0131. Tatbikat kapsam\u0131nda Sar\u0131g\u00f6l \u0130tfaiye Amirli\u011fi ekipleri taraf\u0131ndan \u00f6\u011frencilere yang\u0131nla m\u00fccadele, yang\u0131n an\u0131nda ve&#8230;<\/p>\n","protected":false},"author":1,"featured_media":92983,"comment_status":"open","ping_status":"open","sticky":false,"template":"","format":"standard","meta":{"_crdt_document":"","footnotes":""},"categories":[1],"tags":[],"class_list":["post-92982","post","type-post","status-publish","format-standard","has-post-thumbnail","hentry","category-guncel"],"_links":{"self":[{"href":"https:\/\/www.egemtv.com\/index.php?rest_route=\/wp\/v2\/posts\/92982","targetHints":{"allow":["GET"]}}],"collection":[{"href":"https:\/\/www.egemtv.com\/index.php?rest_route=\/wp\/v2\/posts"}],"about":[{"href":"https:\/\/www.egemtv.com\/index.php?rest_route=\/wp\/v2\/types\/post"}],"author":[{"embeddable":true,"href":"https:\/\/www.egemtv.com\/index.php?rest_route=\/wp\/v2\/users\/1"}],"replies":[{"embeddable":true,"href":"https:\/\/www.egemtv.com\/index.php?rest_route=%2Fwp%2Fv2%2Fcomments&post=92982"}],"version-history":[{"count":1,"href":"https:\/\/www.egemtv.com\/index.php?rest_route=\/wp\/v2\/posts\/92982\/revisions"}],"predecessor-version":[{"id":92984,"href":"https:\/\/www.egemtv.com\/index.php?rest_route=\/wp\/v2\/posts\/92982\/revisions\/92984"}],"wp:featuredmedia":[{"embeddable":true,"href":"https:\/\/www.egemtv.com\/index.php?rest_route=\/wp\/v2\/media\/92983"}],"wp:attachment":[{"href":"https:\/\/www.egemtv.com\/index.php?rest_route=%2Fwp%2Fv2%2Fmedia&parent=92982"}],"wp:term":[{"taxonomy":"category","embeddable":true,"href":"https:\/\/www.egemtv.com\/index.php?rest_route=%2Fwp%2Fv2%2Fcategories&post=92982"},{"taxonomy":"post_tag","embeddable":true,"href":"https:\/\/www.egemtv.com\/index.php?rest_route=%2Fwp%2Fv2%2Ftags&post=92982"}],"curies":[{"name":"wp","href":"https:\/\/api.w.org\/{rel}","templated":true}]}}