{"id":92979,"date":"2026-03-09T13:54:59","date_gmt":"2026-03-09T10:54:59","guid":{"rendered":"https:\/\/www.egemtv.com\/?p=92979"},"modified":"2026-03-09T13:55:00","modified_gmt":"2026-03-09T10:55:00","slug":"dumlupinarda-il-genel-meclis-uyeleriyle-iftar","status":"publish","type":"post","link":"https:\/\/www.egemtv.com\/?p=92979","title":{"rendered":"Dumlup\u0131nar\u2019da \u0130l Genel Meclis \u00fcyeleriyle iftar"},"content":{"rendered":"<p>K\u00fctahya\u2019n\u0131n Dumlup\u0131nar il\u00e7esinde, kaymakaml\u0131k taraf\u0131ndan d\u00fczenlenen iftar program\u0131nda K\u00fctahya \u0130l Genel Meclis \u00fcyeleri bir araya geldi.<br \/>\n<br \/>Programa, K\u00fctahya \u0130l \u00d6zel \u0130daresi Meclis Ba\u015fkan\u0131 Muammer \u00d6zcura, \u0130l Genel Meclis \u00fcyeleri ve AK Parti Dumlup\u0131nar \u0130l\u00e7e Ba\u015fkan\u0131 Mehmet I\u015f\u0131k kat\u0131ld\u0131.<br \/>\n<br \/>\u0130ftar program\u0131nda konu\u015fan Dumlup\u0131nar Kaymakam\u0131 Alperen Teltik, Ramazan ay\u0131n\u0131n yaln\u0131zca \u0130slam d\u00fcnyas\u0131 i\u00e7in de\u011fil, t\u00fcm insanl\u0131k i\u00e7in rahmet ve bereket ay\u0131 oldu\u011funu ifade etti. Ramazan\u2019\u0131n payla\u015fma, dayan\u0131\u015fma ve karde\u015flik duygular\u0131n\u0131 g\u00fc\u00e7lendirdi\u011fini belirten Teltik, M\u00fcsl\u00fcmanlar\u0131n ibadetleri, yard\u0131mla\u015fma anlay\u0131\u015f\u0131 ve g\u00fczel ahlak\u0131yla d\u00fcnyaya \u00f6rnek oldu\u011funu vurgulad\u0131.<br \/>\n<br \/>Kaymakam Teltik, konu\u015fmas\u0131n\u0131n sonunda programa kat\u0131lanlar\u0131n Ramazan ay\u0131n\u0131 tebrik etti.<br \/><\/p>\n","protected":false},"excerpt":{"rendered":"<p>K\u00fctahya\u2019n\u0131n Dumlup\u0131nar il\u00e7esinde, kaymakaml\u0131k taraf\u0131ndan d\u00fczenlenen iftar program\u0131nda K\u00fctahya \u0130l Genel Meclis \u00fcyeleri bir araya geldi. Programa, K\u00fctahya \u0130l \u00d6zel \u0130daresi Meclis Ba\u015fkan\u0131 Muammer \u00d6zcura, \u0130l Genel Meclis \u00fcyeleri ve AK Parti Dumlup\u0131nar \u0130l\u00e7e Ba\u015fkan\u0131 Mehmet I\u015f\u0131k kat\u0131ld\u0131. \u0130ftar program\u0131nda konu\u015fan Dumlup\u0131nar Kaymakam\u0131 Alperen Teltik, Ramazan ay\u0131n\u0131n yaln\u0131zca \u0130slam d\u00fcnyas\u0131 i\u00e7in de\u011fil, t\u00fcm insanl\u0131k i\u00e7in&#8230;<\/p>\n","protected":false},"author":1,"featured_media":92980,"comment_status":"open","ping_status":"open","sticky":false,"template":"","format":"standard","meta":{"_crdt_document":"","footnotes":""},"categories":[123],"tags":[],"class_list":["post-92979","post","type-post","status-publish","format-standard","has-post-thumbnail","hentry","category-gundem"],"_links":{"self":[{"href":"https:\/\/www.egemtv.com\/index.php?rest_route=\/wp\/v2\/posts\/92979","targetHints":{"allow":["GET"]}}],"collection":[{"href":"https:\/\/www.egemtv.com\/index.php?rest_route=\/wp\/v2\/posts"}],"about":[{"href":"https:\/\/www.egemtv.com\/index.php?rest_route=\/wp\/v2\/types\/post"}],"author":[{"embeddable":true,"href":"https:\/\/www.egemtv.com\/index.php?rest_route=\/wp\/v2\/users\/1"}],"replies":[{"embeddable":true,"href":"https:\/\/www.egemtv.com\/index.php?rest_route=%2Fwp%2Fv2%2Fcomments&post=92979"}],"version-history":[{"count":1,"href":"https:\/\/www.egemtv.com\/index.php?rest_route=\/wp\/v2\/posts\/92979\/revisions"}],"predecessor-version":[{"id":92981,"href":"https:\/\/www.egemtv.com\/index.php?rest_route=\/wp\/v2\/posts\/92979\/revisions\/92981"}],"wp:featuredmedia":[{"embeddable":true,"href":"https:\/\/www.egemtv.com\/index.php?rest_route=\/wp\/v2\/media\/92980"}],"wp:attachment":[{"href":"https:\/\/www.egemtv.com\/index.php?rest_route=%2Fwp%2Fv2%2Fmedia&parent=92979"}],"wp:term":[{"taxonomy":"category","embeddable":true,"href":"https:\/\/www.egemtv.com\/index.php?rest_route=%2Fwp%2Fv2%2Fcategories&post=92979"},{"taxonomy":"post_tag","embeddable":true,"href":"https:\/\/www.egemtv.com\/index.php?rest_route=%2Fwp%2Fv2%2Ftags&post=92979"}],"curies":[{"name":"wp","href":"https:\/\/api.w.org\/{rel}","templated":true}]}}