{"id":92973,"date":"2026-03-09T13:34:46","date_gmt":"2026-03-09T10:34:46","guid":{"rendered":"https:\/\/www.egemtv.com\/?p=92973"},"modified":"2026-03-09T13:34:47","modified_gmt":"2026-03-09T10:34:47","slug":"bogazina-seker-kacan-3-yasindaki-cocuk-heimlich-manevrasiyla-kurtarildi","status":"publish","type":"post","link":"https:\/\/www.egemtv.com\/?p=92973","title":{"rendered":"Bo\u011faz\u0131na \u015feker ka\u00e7an 3 ya\u015f\u0131ndaki \u00e7ocuk, Heimlich manevras\u0131yla kurtar\u0131ld\u0131"},"content":{"rendered":"<p>K\u00fctahya \u015eehir Hastanesi\u2019nde ailesiyle birlikte muayene s\u0131ras\u0131n\u0131 bekleyen 3 ya\u015f\u0131ndaki \u00e7ocuk, yedi\u011fi \u015fekerin nefes borusuna ka\u00e7mas\u0131 sonucu bo\u011fulma tehlikesi ge\u00e7irdi. K\u00fc\u00e7\u00fck \u00e7ocuk, hem\u015firenin saniyeler i\u00e7inde yapt\u0131\u011f\u0131 Heimlich manevras\u0131 sayesinde yeniden nefes almaya ba\u015flad\u0131.<br \/>\n<br \/>Olay, hastanede mesai d\u0131\u015f\u0131 poliklinik hizmetlerinin s\u00fcrd\u00fc\u011f\u00fc 17.00-19.00 saatleri aras\u0131nda meydana geldi. Poliklinik \u00f6n\u00fcnde ailesiyle bekleyen \u00e7ocu\u011fun nefes borusuna yedi\u011fi \u015feker ka\u00e7t\u0131. \u00c7ocu\u011fun nefes alamad\u0131\u011f\u0131n\u0131 ve ailesinin panikledi\u011fini fark eden Acil Servis S\u00fcperviz\u00f6r\u00fc Sabri Demirba\u015f, h\u0131zla olay yerine ko\u015farak m\u00fcdahale etti. G\u00fcvenlik kameralar\u0131na da yans\u0131yan olayda, Demirba\u015f\u2019\u0131n so\u011fukkanl\u0131l\u0131\u011f\u0131n\u0131 koruyarak k\u00fc\u00e7\u00fck \u00e7ocu\u011fa m\u00fcdahale etti\u011fi g\u00f6r\u00fcld\u00fc. Tecr\u00fcbeli hem\u015fire, uygulad\u0131\u011f\u0131 Heimlich manevras\u0131 ile ikinci denemede \u015feker par\u00e7as\u0131n\u0131 \u00e7\u0131kartarak \u00e7ocu\u011fun yeniden nefes almas\u0131n\u0131 sa\u011flad\u0131.<\/p>\n<p>&#8220;E\u011fitimin nerede gerekece\u011fi hi\u00e7 belli olmuyor&#8221;<br \/>\n<br \/>Olay\u0131 anlatan Sabri Demirba\u015f, 39 y\u0131ll\u0131k meslek tecr\u00fcbesinin \u00f6nemine dikkat \u00e7ekerek, &#8220;\u015eehir Hastanesinin a\u00e7\u0131l\u0131\u015f\u0131ndan bu yana s\u00fcperviz\u00f6r olarak g\u00f6rev yap\u0131yorum. Olay an\u0131nda g\u00f6rev yerime ge\u00e7erken ba\u011fr\u0131\u015fmalar\u0131 duydum. \u00c7evredeki vatanda\u015flar\u0131n m\u00fcdahale etmeye \u00e7al\u0131\u015ft\u0131\u011f\u0131n\u0131 ancak ba\u015far\u0131l\u0131 olamad\u0131klar\u0131n\u0131 g\u00f6rd\u00fcm. Do\u011fru pozisyonda yapt\u0131\u011f\u0131m 2-3 manevra sonras\u0131 \u015feker d\u0131\u015far\u0131 \u00e7\u0131kt\u0131. Mesle\u011fimiz gere\u011fi ald\u0131\u011f\u0131m\u0131z ilk yard\u0131m e\u011fitimlerinin nerede ve ne zaman hayat kurtaraca\u011f\u0131 belli olmuyor. \u00dczerimize d\u00fc\u015fen g\u00f6revi yapt\u0131k, aileye ge\u00e7mi\u015f olsun dileklerimi iletiyorum&#8221; dedi.<br \/>\n<br \/>Olay\u0131n ard\u0131ndan sevin\u00e7li aile, hastaneyi ziyaret ederek sa\u011fl\u0131k personeline te\u015fekk\u00fcr etti.<br \/><\/p>\n","protected":false},"excerpt":{"rendered":"<p>K\u00fctahya \u015eehir Hastanesi\u2019nde ailesiyle birlikte muayene s\u0131ras\u0131n\u0131 bekleyen 3 ya\u015f\u0131ndaki \u00e7ocuk, yedi\u011fi \u015fekerin nefes borusuna ka\u00e7mas\u0131 sonucu bo\u011fulma tehlikesi ge\u00e7irdi. K\u00fc\u00e7\u00fck \u00e7ocuk, hem\u015firenin saniyeler i\u00e7inde yapt\u0131\u011f\u0131 Heimlich manevras\u0131 sayesinde yeniden nefes almaya ba\u015flad\u0131. Olay, hastanede mesai d\u0131\u015f\u0131 poliklinik hizmetlerinin s\u00fcrd\u00fc\u011f\u00fc 17.00-19.00 saatleri aras\u0131nda meydana geldi. Poliklinik \u00f6n\u00fcnde ailesiyle bekleyen \u00e7ocu\u011fun nefes borusuna yedi\u011fi \u015feker ka\u00e7t\u0131&#8230;.<\/p>\n","protected":false},"author":1,"featured_media":92974,"comment_status":"open","ping_status":"open","sticky":false,"template":"","format":"standard","meta":{"_crdt_document":"","footnotes":""},"categories":[2],"tags":[],"class_list":["post-92973","post","type-post","status-publish","format-standard","has-post-thumbnail","hentry","category-saglik"],"_links":{"self":[{"href":"https:\/\/www.egemtv.com\/index.php?rest_route=\/wp\/v2\/posts\/92973","targetHints":{"allow":["GET"]}}],"collection":[{"href":"https:\/\/www.egemtv.com\/index.php?rest_route=\/wp\/v2\/posts"}],"about":[{"href":"https:\/\/www.egemtv.com\/index.php?rest_route=\/wp\/v2\/types\/post"}],"author":[{"embeddable":true,"href":"https:\/\/www.egemtv.com\/index.php?rest_route=\/wp\/v2\/users\/1"}],"replies":[{"embeddable":true,"href":"https:\/\/www.egemtv.com\/index.php?rest_route=%2Fwp%2Fv2%2Fcomments&post=92973"}],"version-history":[{"count":1,"href":"https:\/\/www.egemtv.com\/index.php?rest_route=\/wp\/v2\/posts\/92973\/revisions"}],"predecessor-version":[{"id":92975,"href":"https:\/\/www.egemtv.com\/index.php?rest_route=\/wp\/v2\/posts\/92973\/revisions\/92975"}],"wp:featuredmedia":[{"embeddable":true,"href":"https:\/\/www.egemtv.com\/index.php?rest_route=\/wp\/v2\/media\/92974"}],"wp:attachment":[{"href":"https:\/\/www.egemtv.com\/index.php?rest_route=%2Fwp%2Fv2%2Fmedia&parent=92973"}],"wp:term":[{"taxonomy":"category","embeddable":true,"href":"https:\/\/www.egemtv.com\/index.php?rest_route=%2Fwp%2Fv2%2Fcategories&post=92973"},{"taxonomy":"post_tag","embeddable":true,"href":"https:\/\/www.egemtv.com\/index.php?rest_route=%2Fwp%2Fv2%2Ftags&post=92973"}],"curies":[{"name":"wp","href":"https:\/\/api.w.org\/{rel}","templated":true}]}}