{"id":92970,"date":"2026-03-09T13:34:45","date_gmt":"2026-03-09T10:34:45","guid":{"rendered":"https:\/\/www.egemtv.com\/?p=92970"},"modified":"2026-03-09T13:34:46","modified_gmt":"2026-03-09T10:34:46","slug":"hirdavat-malzemesi-yuklu-tir-devrildi-surucu-yaralandi","status":"publish","type":"post","link":"https:\/\/www.egemtv.com\/?p=92970","title":{"rendered":"H\u0131rdavat malzemesi y\u00fckl\u00fc t\u0131r devrildi, s\u00fcr\u00fcc\u00fc yaraland\u0131"},"content":{"rendered":"<p>Afyonkarahisar\u2019da h\u0131rdavat malzemeleri y\u00fckl\u00fc t\u0131r\u0131n kontrolden \u00e7\u0131karak devrildi\u011fi kazada s\u00fcr\u00fcc\u00fc yaralan\u0131rken, olayda b\u00fcy\u00fck \u00e7apta maddi hasar da meydana geldi\u011fi belirtildi.<br \/>\n<br \/>Kaza, Emirda\u011f il\u00e7esi \u00e7\u0131k\u0131\u015f\u0131nda meydana geldi. Edinilen bilgilere g\u00f6re, s\u00fcr\u00fcc\u00fcs\u00fcn\u00fcn ismi belirlenemeyen 70 DP 539 plakal\u0131 t\u0131r hen\u00fcz bilinmeyen bir sebepten \u00f6t\u00fcr\u00fc direksiyon hakimiyetini kaybetmesi sonucu kontrolden \u00e7\u0131karak devrildi. Kazada s\u00fcr\u00fcc\u00fc yaraland\u0131. Yaralanan s\u00fcr\u00fcc\u00fc kazan\u0131n ard\u0131ndan \u00e7evredekilerin haber vermesi \u00fczerine olay yerine gelen ambulansla hastaneye kald\u0131r\u0131ld\u0131.<br \/>\n<br \/>Kazan\u0131n ard\u0131ndan jandarma taraf\u0131ndan inceleme ba\u015flat\u0131l\u0131rken, devrilen t\u0131r\u0131n h\u0131rdavat malzemeleri ve ila\u00e7lama makinesi ta\u015f\u0131d\u0131\u011f\u0131 \u00f6\u011frenildi. Kazada maddi kayb\u0131n b\u00fcy\u00fck oldu\u011fu belirtildi.<br \/><\/p>\n","protected":false},"excerpt":{"rendered":"<p>Afyonkarahisar\u2019da h\u0131rdavat malzemeleri y\u00fckl\u00fc t\u0131r\u0131n kontrolden \u00e7\u0131karak devrildi\u011fi kazada s\u00fcr\u00fcc\u00fc yaralan\u0131rken, olayda b\u00fcy\u00fck \u00e7apta maddi hasar da meydana geldi\u011fi belirtildi. Kaza, Emirda\u011f il\u00e7esi \u00e7\u0131k\u0131\u015f\u0131nda meydana geldi. Edinilen bilgilere g\u00f6re, s\u00fcr\u00fcc\u00fcs\u00fcn\u00fcn ismi belirlenemeyen 70 DP 539 plakal\u0131 t\u0131r hen\u00fcz bilinmeyen bir sebepten \u00f6t\u00fcr\u00fc direksiyon hakimiyetini kaybetmesi sonucu kontrolden \u00e7\u0131karak devrildi. Kazada s\u00fcr\u00fcc\u00fc yaraland\u0131. Yaralanan s\u00fcr\u00fcc\u00fc kazan\u0131n&#8230;<\/p>\n","protected":false},"author":1,"featured_media":92971,"comment_status":"open","ping_status":"open","sticky":false,"template":"","format":"standard","meta":{"_crdt_document":"","footnotes":""},"categories":[5],"tags":[],"class_list":["post-92970","post","type-post","status-publish","format-standard","has-post-thumbnail","hentry","category-asayis"],"_links":{"self":[{"href":"https:\/\/www.egemtv.com\/index.php?rest_route=\/wp\/v2\/posts\/92970","targetHints":{"allow":["GET"]}}],"collection":[{"href":"https:\/\/www.egemtv.com\/index.php?rest_route=\/wp\/v2\/posts"}],"about":[{"href":"https:\/\/www.egemtv.com\/index.php?rest_route=\/wp\/v2\/types\/post"}],"author":[{"embeddable":true,"href":"https:\/\/www.egemtv.com\/index.php?rest_route=\/wp\/v2\/users\/1"}],"replies":[{"embeddable":true,"href":"https:\/\/www.egemtv.com\/index.php?rest_route=%2Fwp%2Fv2%2Fcomments&post=92970"}],"version-history":[{"count":1,"href":"https:\/\/www.egemtv.com\/index.php?rest_route=\/wp\/v2\/posts\/92970\/revisions"}],"predecessor-version":[{"id":92972,"href":"https:\/\/www.egemtv.com\/index.php?rest_route=\/wp\/v2\/posts\/92970\/revisions\/92972"}],"wp:featuredmedia":[{"embeddable":true,"href":"https:\/\/www.egemtv.com\/index.php?rest_route=\/wp\/v2\/media\/92971"}],"wp:attachment":[{"href":"https:\/\/www.egemtv.com\/index.php?rest_route=%2Fwp%2Fv2%2Fmedia&parent=92970"}],"wp:term":[{"taxonomy":"category","embeddable":true,"href":"https:\/\/www.egemtv.com\/index.php?rest_route=%2Fwp%2Fv2%2Fcategories&post=92970"},{"taxonomy":"post_tag","embeddable":true,"href":"https:\/\/www.egemtv.com\/index.php?rest_route=%2Fwp%2Fv2%2Ftags&post=92970"}],"curies":[{"name":"wp","href":"https:\/\/api.w.org\/{rel}","templated":true}]}}