{"id":92967,"date":"2026-03-09T13:14:48","date_gmt":"2026-03-09T10:14:48","guid":{"rendered":"https:\/\/www.egemtv.com\/?p=92967"},"modified":"2026-03-09T13:14:49","modified_gmt":"2026-03-09T10:14:49","slug":"takla-atan-arac-surucusu-hafif-yaralandi","status":"publish","type":"post","link":"https:\/\/www.egemtv.com\/?p=92967","title":{"rendered":"Takla atan ara\u00e7 s\u00fcr\u00fcc\u00fcs\u00fc hafif yaraland\u0131"},"content":{"rendered":"<p>Ayd\u0131n-Mu\u011fla Karayolunda meydana gelen tek tarafl\u0131 trafik kazas\u0131nda takla atan ara\u00e7 s\u00fcr\u00fcc\u00fcs\u00fc kazay\u0131 hafif yaral\u0131 olarak atlatt\u0131.<br \/>\n<br \/>Kaza Bay\u0131-Bozarmut aras\u0131nda meydana geldi. 48 YT 455 plakal\u0131 ara\u00e7 s\u00fcr\u00fcc\u00fcs\u00fcn\u00fcn direksiyon hakimiyetini kaybetmesi sonucu ara\u00e7 takla att\u0131. Kaza sonras\u0131 112 Acil \u00c7a\u011fr\u0131 Merkezine bilgi verilmesi \u00fczerine b\u00f6lgeye ambulans ve trafik ekipleri sevk edildi.<br \/>\n<br \/>Sa\u011fl\u0131k ekipleri, yaral\u0131 s\u00fcr\u00fcc\u00fcye ilk m\u00fcdahale olay yerinde yapmas\u0131n\u0131n ard\u0131ndan sa\u011fl\u0131k kurulu\u015funa sevk edildi. Kaza nedeniyle yol k\u0131sa s\u00fcreli\u011fine tek \u015feritten verildi. Ara\u00e7ta maddi hasar meydana gelirken, s\u00fcr\u00fcc\u00fcn\u00fcn durumunun iyi oldu\u011fu \u00f6\u011frenildi.<br \/><\/p>\n","protected":false},"excerpt":{"rendered":"<p>Ayd\u0131n-Mu\u011fla Karayolunda meydana gelen tek tarafl\u0131 trafik kazas\u0131nda takla atan ara\u00e7 s\u00fcr\u00fcc\u00fcs\u00fc kazay\u0131 hafif yaral\u0131 olarak atlatt\u0131. Kaza Bay\u0131-Bozarmut aras\u0131nda meydana geldi. 48 YT 455 plakal\u0131 ara\u00e7 s\u00fcr\u00fcc\u00fcs\u00fcn\u00fcn direksiyon hakimiyetini kaybetmesi sonucu ara\u00e7 takla att\u0131. Kaza sonras\u0131 112 Acil \u00c7a\u011fr\u0131 Merkezine bilgi verilmesi \u00fczerine b\u00f6lgeye ambulans ve trafik ekipleri sevk edildi. Sa\u011fl\u0131k ekipleri, yaral\u0131 s\u00fcr\u00fcc\u00fcye&#8230;<\/p>\n","protected":false},"author":1,"featured_media":92968,"comment_status":"open","ping_status":"open","sticky":false,"template":"","format":"standard","meta":{"_crdt_document":"","footnotes":""},"categories":[5],"tags":[],"class_list":["post-92967","post","type-post","status-publish","format-standard","has-post-thumbnail","hentry","category-asayis"],"_links":{"self":[{"href":"https:\/\/www.egemtv.com\/index.php?rest_route=\/wp\/v2\/posts\/92967","targetHints":{"allow":["GET"]}}],"collection":[{"href":"https:\/\/www.egemtv.com\/index.php?rest_route=\/wp\/v2\/posts"}],"about":[{"href":"https:\/\/www.egemtv.com\/index.php?rest_route=\/wp\/v2\/types\/post"}],"author":[{"embeddable":true,"href":"https:\/\/www.egemtv.com\/index.php?rest_route=\/wp\/v2\/users\/1"}],"replies":[{"embeddable":true,"href":"https:\/\/www.egemtv.com\/index.php?rest_route=%2Fwp%2Fv2%2Fcomments&post=92967"}],"version-history":[{"count":1,"href":"https:\/\/www.egemtv.com\/index.php?rest_route=\/wp\/v2\/posts\/92967\/revisions"}],"predecessor-version":[{"id":92969,"href":"https:\/\/www.egemtv.com\/index.php?rest_route=\/wp\/v2\/posts\/92967\/revisions\/92969"}],"wp:featuredmedia":[{"embeddable":true,"href":"https:\/\/www.egemtv.com\/index.php?rest_route=\/wp\/v2\/media\/92968"}],"wp:attachment":[{"href":"https:\/\/www.egemtv.com\/index.php?rest_route=%2Fwp%2Fv2%2Fmedia&parent=92967"}],"wp:term":[{"taxonomy":"category","embeddable":true,"href":"https:\/\/www.egemtv.com\/index.php?rest_route=%2Fwp%2Fv2%2Fcategories&post=92967"},{"taxonomy":"post_tag","embeddable":true,"href":"https:\/\/www.egemtv.com\/index.php?rest_route=%2Fwp%2Fv2%2Ftags&post=92967"}],"curies":[{"name":"wp","href":"https:\/\/api.w.org\/{rel}","templated":true}]}}