{"id":92961,"date":"2026-03-09T13:14:46","date_gmt":"2026-03-09T10:14:46","guid":{"rendered":"https:\/\/www.egemtv.com\/?p=92961"},"modified":"2026-03-09T13:14:46","modified_gmt":"2026-03-09T10:14:46","slug":"baskan-arikan-sehit-annelerini-ziyaret-etti","status":"publish","type":"post","link":"https:\/\/www.egemtv.com\/?p=92961","title":{"rendered":"Ba\u015fkan Ar\u0131kan, \u015fehit annelerini ziyaret etti"},"content":{"rendered":"<p>S\u00f6ke Belediye Ba\u015fkan\u0131 Dr. Mustafa \u0130berya Ar\u0131kan, Ramazan ay\u0131n\u0131n birlik ve payla\u015fma ruhunu \u015fehit aileleriyle birlikte ya\u015fad\u0131.<\/p>\n<p>Ba\u015fkan Ar\u0131kan, iki \u015fehit ailesinin evine konuk olarak hem iftar sofras\u0131n\u0131 payla\u015ft\u0131 hem de 8 Mart D\u00fcnya Kad\u0131nlar G\u00fcn\u00fc\u2019nde \u015fehit annelerine anlaml\u0131 ziyaretlerde bulundu. Ba\u015fkan Ar\u0131kan, ilk olarak \u015fehit annesi Ay\u015fe Uyar ve ailesinin iftar sofras\u0131na konuk oldu. Ramazan\u2019\u0131n bereketinin payla\u015f\u0131ld\u0131\u011f\u0131 iftar program\u0131nda aileyle yak\u0131ndan ilgilenen Ar\u0131kan, \u015fehit ailelerinin her zaman ba\u015f tac\u0131 oldu\u011funu ifade etti.  \u0130ftar\u0131n ard\u0131ndan Ba\u015fkan Ar\u0131kan, \u015fehit annesi Ay\u015fe Korkmaz ve ailesini de ziyaret etti. Samimi bir ortamda ger\u00e7ekle\u015fen ziyarette sohbet edilerek Ramazan ay\u0131n\u0131n manevi atmosferi birlikte payla\u015f\u0131ld\u0131. Ziyaretlere AK Parti S\u00f6ke \u0130l\u00e7e Ba\u015fkan\u0131 M. Saki O\u011fuz, Kad\u0131n Kollar\u0131 Ba\u015fkan\u0131 Saliha Ond\u00f6rt ve Gen\u00e7lik Kollar\u0131 Ba\u015fkan\u0131 Orhan Varol da e\u015flik etti.<\/p>\n<p>Ba\u015fkan Ar\u0131kan ziyaret s\u0131ras\u0131nda ailelerin kad\u0131nlar\u0131n\u0131n 8 Mart D\u00fcnya Kad\u0131nlar G\u00fcn\u00fc\u2019n\u00fc de kutlad\u0131. Ramazan ay\u0131n\u0131n payla\u015fma, dayan\u0131\u015fma ve karde\u015flik duygular\u0131n\u0131 peki\u015ftirdi\u011fini vurgulayan Ar\u0131kan, \u015fehit ailelerinin her zaman yanlar\u0131nda olduklar\u0131n\u0131 dile getirdi.<br \/><\/p>\n","protected":false},"excerpt":{"rendered":"<p>S\u00f6ke Belediye Ba\u015fkan\u0131 Dr. Mustafa \u0130berya Ar\u0131kan, Ramazan ay\u0131n\u0131n birlik ve payla\u015fma ruhunu \u015fehit aileleriyle birlikte ya\u015fad\u0131. Ba\u015fkan Ar\u0131kan, iki \u015fehit ailesinin evine konuk olarak hem iftar sofras\u0131n\u0131 payla\u015ft\u0131 hem de 8 Mart D\u00fcnya Kad\u0131nlar G\u00fcn\u00fc\u2019nde \u015fehit annelerine anlaml\u0131 ziyaretlerde bulundu. Ba\u015fkan Ar\u0131kan, ilk olarak \u015fehit annesi Ay\u015fe Uyar ve ailesinin iftar sofras\u0131na konuk oldu&#8230;.<\/p>\n","protected":false},"author":1,"featured_media":92962,"comment_status":"open","ping_status":"open","sticky":false,"template":"","format":"standard","meta":{"_crdt_document":"","footnotes":""},"categories":[1],"tags":[],"class_list":["post-92961","post","type-post","status-publish","format-standard","has-post-thumbnail","hentry","category-guncel"],"_links":{"self":[{"href":"https:\/\/www.egemtv.com\/index.php?rest_route=\/wp\/v2\/posts\/92961","targetHints":{"allow":["GET"]}}],"collection":[{"href":"https:\/\/www.egemtv.com\/index.php?rest_route=\/wp\/v2\/posts"}],"about":[{"href":"https:\/\/www.egemtv.com\/index.php?rest_route=\/wp\/v2\/types\/post"}],"author":[{"embeddable":true,"href":"https:\/\/www.egemtv.com\/index.php?rest_route=\/wp\/v2\/users\/1"}],"replies":[{"embeddable":true,"href":"https:\/\/www.egemtv.com\/index.php?rest_route=%2Fwp%2Fv2%2Fcomments&post=92961"}],"version-history":[{"count":1,"href":"https:\/\/www.egemtv.com\/index.php?rest_route=\/wp\/v2\/posts\/92961\/revisions"}],"predecessor-version":[{"id":92963,"href":"https:\/\/www.egemtv.com\/index.php?rest_route=\/wp\/v2\/posts\/92961\/revisions\/92963"}],"wp:featuredmedia":[{"embeddable":true,"href":"https:\/\/www.egemtv.com\/index.php?rest_route=\/wp\/v2\/media\/92962"}],"wp:attachment":[{"href":"https:\/\/www.egemtv.com\/index.php?rest_route=%2Fwp%2Fv2%2Fmedia&parent=92961"}],"wp:term":[{"taxonomy":"category","embeddable":true,"href":"https:\/\/www.egemtv.com\/index.php?rest_route=%2Fwp%2Fv2%2Fcategories&post=92961"},{"taxonomy":"post_tag","embeddable":true,"href":"https:\/\/www.egemtv.com\/index.php?rest_route=%2Fwp%2Fv2%2Ftags&post=92961"}],"curies":[{"name":"wp","href":"https:\/\/api.w.org\/{rel}","templated":true}]}}