{"id":92955,"date":"2026-03-09T12:55:00","date_gmt":"2026-03-09T09:55:00","guid":{"rendered":"https:\/\/www.egemtv.com\/?p=92955"},"modified":"2026-03-09T12:55:01","modified_gmt":"2026-03-09T09:55:01","slug":"manisa-fk-sariyeri-konuk-edecek","status":"publish","type":"post","link":"https:\/\/www.egemtv.com\/?p=92955","title":{"rendered":"Manisa FK, Sar\u0131yer\u2019i konuk edecek"},"content":{"rendered":"<p>Manisa Futbol Kul\u00fcb\u00fc, Trendyol 1. Lig 30. haftas\u0131nda yar\u0131n Sar\u0131yer\u2019i konuk edecek.<br \/>\n<br \/>Manisa Futbol Kul\u00fcb\u00fc, Trendyol 1. Lig 30. haftas\u0131nda yar\u0131n sahas\u0131nda Sar\u0131yer ile kar\u015f\u0131la\u015facak. Manisa 19 May\u0131s Stadyumu\u2019nda oynanacak m\u00fccadele saat 20.00\u2019de ba\u015flayacak. Siyah-beyazl\u0131lar, Sar\u0131yer m\u00fccadelesini kazanarak haftay\u0131 galibiyetle kapatmak istiyor.<\/p>\n<p>Kar\u015f\u0131la\u015fman\u0131n hakemi Abdullah Bu\u011fra Ta\u015fk\u0131nsoy<br \/>\n<br \/>Manisa Futbol Kul\u00fcb\u00fc ile Sar\u0131yer aras\u0131nda oynanacak m\u00fccadeleyi hakem Abdullah Bu\u011fra Ta\u015fk\u0131nsoy y\u00f6netecek. Ta\u015fk\u0131nsoy\u2019un yard\u0131mc\u0131l\u0131klar\u0131n\u0131 Serdar Osman Akarsu ve Kerem Kalkan yapacak. Ma\u00e7\u0131n d\u00f6rd\u00fcnc\u00fc hakemi ise Samet Ya\u011fc\u0131.<br \/>\n<br \/>\u00d6te yandan m\u00fccadelenin bilet sat\u0131\u015f\u0131 da devam ediyor. Kad\u0131n ve 18 ya\u015f alt\u0131 t\u00fcm taraftarlar, \u00fccretsiz biletlerini ma\u00e7 g\u00fcn\u00fc Passolig gi\u015felerinden tan\u0131mlayabilecek.<br \/>\n<br \/>Kar\u015f\u0131la\u015fman\u0131n bilet fiyatlar\u0131 ise \u015f\u00f6yle:<\/p>\n<p>&#8220;Kapal\u0131 Alt Trib\u00fcn: 45 TL. Misafir Trib\u00fcn\u00fc: 45 TL.&#8221;<br \/><\/p>\n","protected":false},"excerpt":{"rendered":"<p>Manisa Futbol Kul\u00fcb\u00fc, Trendyol 1. Lig 30. haftas\u0131nda yar\u0131n Sar\u0131yer\u2019i konuk edecek. Manisa Futbol Kul\u00fcb\u00fc, Trendyol 1. Lig 30. haftas\u0131nda yar\u0131n sahas\u0131nda Sar\u0131yer ile kar\u015f\u0131la\u015facak. Manisa 19 May\u0131s Stadyumu\u2019nda oynanacak m\u00fccadele saat 20.00\u2019de ba\u015flayacak. Siyah-beyazl\u0131lar, Sar\u0131yer m\u00fccadelesini kazanarak haftay\u0131 galibiyetle kapatmak istiyor. Kar\u015f\u0131la\u015fman\u0131n hakemi Abdullah Bu\u011fra Ta\u015fk\u0131nsoy Manisa Futbol Kul\u00fcb\u00fc ile Sar\u0131yer aras\u0131nda oynanacak m\u00fccadeleyi&#8230;<\/p>\n","protected":false},"author":1,"featured_media":92956,"comment_status":"open","ping_status":"open","sticky":false,"template":"","format":"standard","meta":{"_crdt_document":"","footnotes":""},"categories":[4],"tags":[],"class_list":["post-92955","post","type-post","status-publish","format-standard","has-post-thumbnail","hentry","category-spor"],"_links":{"self":[{"href":"https:\/\/www.egemtv.com\/index.php?rest_route=\/wp\/v2\/posts\/92955","targetHints":{"allow":["GET"]}}],"collection":[{"href":"https:\/\/www.egemtv.com\/index.php?rest_route=\/wp\/v2\/posts"}],"about":[{"href":"https:\/\/www.egemtv.com\/index.php?rest_route=\/wp\/v2\/types\/post"}],"author":[{"embeddable":true,"href":"https:\/\/www.egemtv.com\/index.php?rest_route=\/wp\/v2\/users\/1"}],"replies":[{"embeddable":true,"href":"https:\/\/www.egemtv.com\/index.php?rest_route=%2Fwp%2Fv2%2Fcomments&post=92955"}],"version-history":[{"count":1,"href":"https:\/\/www.egemtv.com\/index.php?rest_route=\/wp\/v2\/posts\/92955\/revisions"}],"predecessor-version":[{"id":92957,"href":"https:\/\/www.egemtv.com\/index.php?rest_route=\/wp\/v2\/posts\/92955\/revisions\/92957"}],"wp:featuredmedia":[{"embeddable":true,"href":"https:\/\/www.egemtv.com\/index.php?rest_route=\/wp\/v2\/media\/92956"}],"wp:attachment":[{"href":"https:\/\/www.egemtv.com\/index.php?rest_route=%2Fwp%2Fv2%2Fmedia&parent=92955"}],"wp:term":[{"taxonomy":"category","embeddable":true,"href":"https:\/\/www.egemtv.com\/index.php?rest_route=%2Fwp%2Fv2%2Fcategories&post=92955"},{"taxonomy":"post_tag","embeddable":true,"href":"https:\/\/www.egemtv.com\/index.php?rest_route=%2Fwp%2Fv2%2Ftags&post=92955"}],"curies":[{"name":"wp","href":"https:\/\/api.w.org\/{rel}","templated":true}]}}