{"id":92952,"date":"2026-03-09T12:54:59","date_gmt":"2026-03-09T09:54:59","guid":{"rendered":"https:\/\/www.egemtv.com\/?p=92952"},"modified":"2026-03-09T12:55:00","modified_gmt":"2026-03-09T09:55:00","slug":"kara-avciligi-yasagi-1-martta-basliyor","status":"publish","type":"post","link":"https:\/\/www.egemtv.com\/?p=92952","title":{"rendered":"Kara avc\u0131l\u0131\u011f\u0131 yasa\u011f\u0131 1 Mart\u2019ta ba\u015fl\u0131yor"},"content":{"rendered":"<p>Do\u011fa Koruma Ve Milli Parklar Genel M\u00fcd\u00fcrl\u00fc\u011f\u00fc\u2019nden yap\u0131lan a\u00e7\u0131klamada, Kara Avc\u0131l\u0131\u011f\u0131 Kanunu uyar\u0131nca av hayvanlar\u0131n\u0131n e\u015f tutma, \u00fcreme, yavru b\u00fcy\u00fctme, erginle\u015fme gibi ya\u015fam evrelerini dikkate alan 2025-2026 av d\u00f6nemi merkez av komisyonu karar\u0131 av\u0131n kapan\u0131\u015f tarihini belirledi. 2025-2026 av d\u00f6nemi merkez av komisyonu karar\u0131 uyar\u0131nca av sezonu 1 Mart 2026 tarihi itibariyle \u00fclke genelinde kapanacak.<br \/>\n<br \/>Do\u011fa Koruma ve Milli Parklar Genel M\u00fcd\u00fcrl\u00fc\u011f\u00fc\u2019nden yap\u0131lan yaz\u0131l\u0131 a\u00e7\u0131klamada, &#8220;1 Mart 2026 tarihi itibariyle; av ve yaban hayvanlar\u0131n\u0131n \u00fcreme d\u00f6neminin ba\u015flad\u0131\u011f\u0131ndan, av\u0131n a\u00e7\u0131laca\u011f\u0131 A\u011fustos ay\u0131na kadar olan d\u00f6nemde \u00fclke genelinde avc\u0131l\u0131k faaliyetleri yasaklanm\u0131\u015ft\u0131r. Av ve yaban hayvanlar\u0131n\u0131n e\u015f tutma, \u00fcreme, yavru b\u00fcy\u00fctme ve erginle\u015fme evrelerini i\u00e7ine alan bu d\u00f6nemde toplumun t\u00fcm kesimlerinin tabii ortamlara \u00e7\u0131karken daha hassas hareket etmesi ve av ve yaban hayvanlar\u0131n\u0131n yavru ve yumurtalar\u0131n\u0131n toplanmamas\u0131 Kara Avc\u0131l\u0131\u011f\u0131 Kanunu ve Merkez Av Komisyonu karar\u0131nda yasaklanan bu fiilleri i\u015fleyenler hakk\u0131nda idari para cezas\u0131 verilecek. Ayr\u0131ca av hayvan\u0131 t\u00fcr\u00fcne g\u00f6re de\u011fi\u015fen tazminat bedelleri talep edilecektir. Merkez Av Komisyonu May\u0131s ay\u0131 i\u00e7erisinde toplanarak 2026-2027 av d\u00f6nemini kapsayacak karar\u0131n\u0131 alacakt\u0131r. Bu kararda av d\u00f6neminde uygulanacak avlanma usul ve esaslar\u0131 ile av hayvan\u0131 t\u00fcrlerine g\u00f6re av\u0131n a\u00e7\u0131laca\u011f\u0131 tarihler yeniden belirlenecektir&#8221; denildi.<br \/><\/p>\n","protected":false},"excerpt":{"rendered":"<p>Do\u011fa Koruma Ve Milli Parklar Genel M\u00fcd\u00fcrl\u00fc\u011f\u00fc\u2019nden yap\u0131lan a\u00e7\u0131klamada, Kara Avc\u0131l\u0131\u011f\u0131 Kanunu uyar\u0131nca av hayvanlar\u0131n\u0131n e\u015f tutma, \u00fcreme, yavru b\u00fcy\u00fctme, erginle\u015fme gibi ya\u015fam evrelerini dikkate alan 2025-2026 av d\u00f6nemi merkez av komisyonu karar\u0131 av\u0131n kapan\u0131\u015f tarihini belirledi. 2025-2026 av d\u00f6nemi merkez av komisyonu karar\u0131 uyar\u0131nca av sezonu 1 Mart 2026 tarihi itibariyle \u00fclke genelinde kapanacak&#8230;.<\/p>\n","protected":false},"author":1,"featured_media":92953,"comment_status":"open","ping_status":"open","sticky":false,"template":"","format":"standard","meta":{"_crdt_document":"","footnotes":""},"categories":[5],"tags":[],"class_list":["post-92952","post","type-post","status-publish","format-standard","has-post-thumbnail","hentry","category-asayis"],"_links":{"self":[{"href":"https:\/\/www.egemtv.com\/index.php?rest_route=\/wp\/v2\/posts\/92952","targetHints":{"allow":["GET"]}}],"collection":[{"href":"https:\/\/www.egemtv.com\/index.php?rest_route=\/wp\/v2\/posts"}],"about":[{"href":"https:\/\/www.egemtv.com\/index.php?rest_route=\/wp\/v2\/types\/post"}],"author":[{"embeddable":true,"href":"https:\/\/www.egemtv.com\/index.php?rest_route=\/wp\/v2\/users\/1"}],"replies":[{"embeddable":true,"href":"https:\/\/www.egemtv.com\/index.php?rest_route=%2Fwp%2Fv2%2Fcomments&post=92952"}],"version-history":[{"count":1,"href":"https:\/\/www.egemtv.com\/index.php?rest_route=\/wp\/v2\/posts\/92952\/revisions"}],"predecessor-version":[{"id":92954,"href":"https:\/\/www.egemtv.com\/index.php?rest_route=\/wp\/v2\/posts\/92952\/revisions\/92954"}],"wp:featuredmedia":[{"embeddable":true,"href":"https:\/\/www.egemtv.com\/index.php?rest_route=\/wp\/v2\/media\/92953"}],"wp:attachment":[{"href":"https:\/\/www.egemtv.com\/index.php?rest_route=%2Fwp%2Fv2%2Fmedia&parent=92952"}],"wp:term":[{"taxonomy":"category","embeddable":true,"href":"https:\/\/www.egemtv.com\/index.php?rest_route=%2Fwp%2Fv2%2Fcategories&post=92952"},{"taxonomy":"post_tag","embeddable":true,"href":"https:\/\/www.egemtv.com\/index.php?rest_route=%2Fwp%2Fv2%2Ftags&post=92952"}],"curies":[{"name":"wp","href":"https:\/\/api.w.org\/{rel}","templated":true}]}}