{"id":92949,"date":"2026-03-09T12:54:58","date_gmt":"2026-03-09T09:54:58","guid":{"rendered":"https:\/\/www.egemtv.com\/?p=92949"},"modified":"2026-03-09T12:54:59","modified_gmt":"2026-03-09T09:54:59","slug":"deprem-aninda-buyuk-bir-gurultu-ve-patlama-yasandi","status":"publish","type":"post","link":"https:\/\/www.egemtv.com\/?p=92949","title":{"rendered":"Deprem an\u0131nda b\u00fcy\u00fck bir g\u00fcr\u00fclt\u00fc ve patlama ya\u015fand\u0131"},"content":{"rendered":"<p>Denizli\u2019nin Buldan il\u00e7esinde meydana gelen 5.1 b\u00fcy\u00fckl\u00fc\u011f\u00fcndeki deprem \u00e7evre illerde de hissedilirken, G\u00fcney il\u00e7esinde bir \u00e7iftlik evinin g\u00fcvenlik kameras\u0131 deprem an\u0131n\u0131 kaydetti. Sars\u0131nt\u0131n\u0131n ard\u0131ndan b\u00f6lgede bulunan bir trafonun patlad\u0131\u011f\u0131 \u00f6\u011frenildi.<\/p>\n<p>Afet ve Acil Durum Y\u00f6netimi Ba\u015fkanl\u0131\u011f\u0131 (AFAD) verilerine g\u00f6re deprem saat 09.21\u2019de Denizli\u2019nin Buldan il\u00e7esi merkezli olarak meydana geldi. Yerin yakla\u015f\u0131k 7 kilometre derinli\u011finde ger\u00e7ekle\u015fen sars\u0131nt\u0131 Denizli\u2019nin yan\u0131 s\u0131ra Ayd\u0131n, Mu\u011fla ve U\u015fak gibi \u00e7evre illerde de hissedildi. Deprem s\u0131ras\u0131nda k\u0131sa s\u00fcreli panik ya\u015fan\u0131rken baz\u0131 vatanda\u015flar kendilerini d\u0131\u015far\u0131 att\u0131. \u0130lk belirlemelere g\u00f6re deprem sonras\u0131 herhangi bir can kayb\u0131 veya ciddi hasara ili\u015fkin resmi bir a\u00e7\u0131klama yap\u0131lmazken, ekiplerin saha tarama \u00e7al\u0131\u015fmalar\u0131n\u0131 s\u00fcrd\u00fcrd\u00fc\u011f\u00fc \u00f6\u011frenildi.<\/p>\n<p>\u00d6te yandan Denizli\u2019nin G\u00fcney il\u00e7esinde bulunan bir \u00e7iftlik evinin g\u00fcvenlik kameras\u0131 deprem an\u0131n\u0131 saniye saniye kaydetti. \u00c7iftlik evinin g\u00fcvenlik kameras\u0131na yans\u0131yan g\u00f6r\u00fcnt\u00fclerde, b\u00fcy\u00fck bir g\u00fcr\u00fclt\u00fcyle birlikte ya\u015fanan sars\u0131nt\u0131yla birlikte \u00e7evredeki yap\u0131lar\u0131n ve a\u011fa\u00e7lar\u0131n salland\u0131\u011f\u0131 g\u00f6r\u00fcld\u00fc. Depremden k\u0131sa s\u00fcre sonra b\u00f6lgede bulunan bir trafonun patlad\u0131\u011f\u0131 \u00f6\u011frenildi.<br \/><\/p>\n","protected":false},"excerpt":{"rendered":"<p>Denizli\u2019nin Buldan il\u00e7esinde meydana gelen 5.1 b\u00fcy\u00fckl\u00fc\u011f\u00fcndeki deprem \u00e7evre illerde de hissedilirken, G\u00fcney il\u00e7esinde bir \u00e7iftlik evinin g\u00fcvenlik kameras\u0131 deprem an\u0131n\u0131 kaydetti. Sars\u0131nt\u0131n\u0131n ard\u0131ndan b\u00f6lgede bulunan bir trafonun patlad\u0131\u011f\u0131 \u00f6\u011frenildi. Afet ve Acil Durum Y\u00f6netimi Ba\u015fkanl\u0131\u011f\u0131 (AFAD) verilerine g\u00f6re deprem saat 09.21\u2019de Denizli\u2019nin Buldan il\u00e7esi merkezli olarak meydana geldi. Yerin yakla\u015f\u0131k 7 kilometre derinli\u011finde ger\u00e7ekle\u015fen&#8230;<\/p>\n","protected":false},"author":1,"featured_media":92950,"comment_status":"open","ping_status":"open","sticky":false,"template":"","format":"standard","meta":{"_crdt_document":"","footnotes":""},"categories":[5],"tags":[],"class_list":["post-92949","post","type-post","status-publish","format-standard","has-post-thumbnail","hentry","category-asayis"],"_links":{"self":[{"href":"https:\/\/www.egemtv.com\/index.php?rest_route=\/wp\/v2\/posts\/92949","targetHints":{"allow":["GET"]}}],"collection":[{"href":"https:\/\/www.egemtv.com\/index.php?rest_route=\/wp\/v2\/posts"}],"about":[{"href":"https:\/\/www.egemtv.com\/index.php?rest_route=\/wp\/v2\/types\/post"}],"author":[{"embeddable":true,"href":"https:\/\/www.egemtv.com\/index.php?rest_route=\/wp\/v2\/users\/1"}],"replies":[{"embeddable":true,"href":"https:\/\/www.egemtv.com\/index.php?rest_route=%2Fwp%2Fv2%2Fcomments&post=92949"}],"version-history":[{"count":1,"href":"https:\/\/www.egemtv.com\/index.php?rest_route=\/wp\/v2\/posts\/92949\/revisions"}],"predecessor-version":[{"id":92951,"href":"https:\/\/www.egemtv.com\/index.php?rest_route=\/wp\/v2\/posts\/92949\/revisions\/92951"}],"wp:featuredmedia":[{"embeddable":true,"href":"https:\/\/www.egemtv.com\/index.php?rest_route=\/wp\/v2\/media\/92950"}],"wp:attachment":[{"href":"https:\/\/www.egemtv.com\/index.php?rest_route=%2Fwp%2Fv2%2Fmedia&parent=92949"}],"wp:term":[{"taxonomy":"category","embeddable":true,"href":"https:\/\/www.egemtv.com\/index.php?rest_route=%2Fwp%2Fv2%2Fcategories&post=92949"},{"taxonomy":"post_tag","embeddable":true,"href":"https:\/\/www.egemtv.com\/index.php?rest_route=%2Fwp%2Fv2%2Ftags&post=92949"}],"curies":[{"name":"wp","href":"https:\/\/api.w.org\/{rel}","templated":true}]}}