{"id":92946,"date":"2026-03-09T12:54:57","date_gmt":"2026-03-09T09:54:57","guid":{"rendered":"https:\/\/www.egemtv.com\/?p=92946"},"modified":"2026-03-09T12:54:58","modified_gmt":"2026-03-09T09:54:58","slug":"gedizde-sel-sonrasi-zarar-tespiti-yapildi","status":"publish","type":"post","link":"https:\/\/www.egemtv.com\/?p=92946","title":{"rendered":"Gediz\u2019de sel sonras\u0131 zarar tespiti yap\u0131ld\u0131"},"content":{"rendered":"<p>K\u00fctahya\u2019n\u0131n Gediz il\u00e7esinde meydana gelen selin ard\u0131ndan zarar tespit \u00e7al\u0131\u015fmalar\u0131 ger\u00e7ekle\u015ftirildi.<br \/>\n<br \/>Gediz \u0130l\u00e7e Tar\u0131m ve Orman M\u00fcd\u00fcrl\u00fc\u011f\u00fc teknik personelleri taraf\u0131ndan \u00c7eltik\u00e7i K\u00f6y\u00fc\u2019nde sel nedeniyle olu\u015fan zararlar\u0131n belirlenmesi amac\u0131yla hasar tespit \u00e7al\u0131\u015fmas\u0131 yap\u0131ld\u0131.<br \/>\n<br \/>Ekipler taraf\u0131ndan tar\u0131m arazileri ve \u00fcretim alanlar\u0131nda incelemelerde bulunularak selden etkilenen b\u00f6lgeler kay\u0131t alt\u0131na al\u0131nd\u0131. Yap\u0131lan \u00e7al\u0131\u015fmalar\u0131n ard\u0131ndan haz\u0131rlanacak rapor do\u011frultusunda gerekli i\u015flemlerin y\u00fcr\u00fct\u00fclece\u011fi bildirildi.<br \/><\/p>\n","protected":false},"excerpt":{"rendered":"<p>K\u00fctahya\u2019n\u0131n Gediz il\u00e7esinde meydana gelen selin ard\u0131ndan zarar tespit \u00e7al\u0131\u015fmalar\u0131 ger\u00e7ekle\u015ftirildi. Gediz \u0130l\u00e7e Tar\u0131m ve Orman M\u00fcd\u00fcrl\u00fc\u011f\u00fc teknik personelleri taraf\u0131ndan \u00c7eltik\u00e7i K\u00f6y\u00fc\u2019nde sel nedeniyle olu\u015fan zararlar\u0131n belirlenmesi amac\u0131yla hasar tespit \u00e7al\u0131\u015fmas\u0131 yap\u0131ld\u0131. Ekipler taraf\u0131ndan tar\u0131m arazileri ve \u00fcretim alanlar\u0131nda incelemelerde bulunularak selden etkilenen b\u00f6lgeler kay\u0131t alt\u0131na al\u0131nd\u0131. Yap\u0131lan \u00e7al\u0131\u015fmalar\u0131n ard\u0131ndan haz\u0131rlanacak rapor do\u011frultusunda gerekli i\u015flemlerin&#8230;<\/p>\n","protected":false},"author":1,"featured_media":92947,"comment_status":"open","ping_status":"open","sticky":false,"template":"","format":"standard","meta":{"_crdt_document":"","footnotes":""},"categories":[125],"tags":[],"class_list":["post-92946","post","type-post","status-publish","format-standard","has-post-thumbnail","hentry","category-ekonomi"],"_links":{"self":[{"href":"https:\/\/www.egemtv.com\/index.php?rest_route=\/wp\/v2\/posts\/92946","targetHints":{"allow":["GET"]}}],"collection":[{"href":"https:\/\/www.egemtv.com\/index.php?rest_route=\/wp\/v2\/posts"}],"about":[{"href":"https:\/\/www.egemtv.com\/index.php?rest_route=\/wp\/v2\/types\/post"}],"author":[{"embeddable":true,"href":"https:\/\/www.egemtv.com\/index.php?rest_route=\/wp\/v2\/users\/1"}],"replies":[{"embeddable":true,"href":"https:\/\/www.egemtv.com\/index.php?rest_route=%2Fwp%2Fv2%2Fcomments&post=92946"}],"version-history":[{"count":1,"href":"https:\/\/www.egemtv.com\/index.php?rest_route=\/wp\/v2\/posts\/92946\/revisions"}],"predecessor-version":[{"id":92948,"href":"https:\/\/www.egemtv.com\/index.php?rest_route=\/wp\/v2\/posts\/92946\/revisions\/92948"}],"wp:featuredmedia":[{"embeddable":true,"href":"https:\/\/www.egemtv.com\/index.php?rest_route=\/wp\/v2\/media\/92947"}],"wp:attachment":[{"href":"https:\/\/www.egemtv.com\/index.php?rest_route=%2Fwp%2Fv2%2Fmedia&parent=92946"}],"wp:term":[{"taxonomy":"category","embeddable":true,"href":"https:\/\/www.egemtv.com\/index.php?rest_route=%2Fwp%2Fv2%2Fcategories&post=92946"},{"taxonomy":"post_tag","embeddable":true,"href":"https:\/\/www.egemtv.com\/index.php?rest_route=%2Fwp%2Fv2%2Ftags&post=92946"}],"curies":[{"name":"wp","href":"https:\/\/api.w.org\/{rel}","templated":true}]}}