{"id":92943,"date":"2026-03-09T12:35:00","date_gmt":"2026-03-09T09:35:00","guid":{"rendered":"https:\/\/www.egemtv.com\/?p=92943"},"modified":"2026-03-09T12:35:01","modified_gmt":"2026-03-09T09:35:01","slug":"karabaglarda-cop-evden-12-kamyon-atik-cikarildi","status":"publish","type":"post","link":"https:\/\/www.egemtv.com\/?p=92943","title":{"rendered":"Karaba\u011flar\u2019da \u00e7\u00f6p evden 12 kamyon at\u0131k \u00e7\u0131kar\u0131ld\u0131"},"content":{"rendered":"<p>\u0130zmir\u2019in Karaba\u011flar il\u00e7esindeki bir meskenden 12 kamyon at\u0131k ve eski e\u015fya \u00e7\u0131kart\u0131ld\u0131.<br \/>\n<br \/>\u0130l\u00e7eye ba\u011fl\u0131 G\u00fclyaka Mahallesi 2983 Sokak\u2019taki iki katl\u0131 meskende, \u00e7evre sakinlerinin \u015fikayeti \u00fczerine belediye ekiplerince yap\u0131lan denetimlerde yo\u011fun at\u0131k birikimi, b\u00f6cek olu\u015fumu ve k\u00f6t\u00fc koku belirlendi. Durumun risk olu\u015fturmas\u0131 \u00fczerine \u0130l\u00e7e H\u0131fz\u0131ss\u0131hha Kurulu\u2019nca ev sahiplerine temizlik ve \u0131slah i\u015flemleri i\u00e7in s\u00fcre verildi. Bu s\u00fcrede gerekli i\u015flemlerin yap\u0131lmamas\u0131 \u00fczerine Karaba\u011flar Belediyesi\u2019nce hukuki s\u00fcre\u00e7 ba\u015flat\u0131ld\u0131. \u0130zmir 6. Sulh Ceza Hakimli\u011finden al\u0131nan izinle belediye ekipleri, emniyet birimleri e\u015fli\u011finde adrese girerek bo\u015faltma i\u015flemlerini ger\u00e7ekle\u015ftirdi.<\/p>\n<p>12 kamyondan fazla at\u0131k \u00e7\u0131kar\u0131ld\u0131<br \/>\n<br \/>Temizlik \u00e7al\u0131\u015fmalar\u0131nda 35 personel, 2 kamyon ve 1 kep\u00e7enin yan\u0131 s\u0131ra arama kurtarma ekipleri de g\u00f6rev ald\u0131. Yap\u0131n\u0131n \u00fcst kat ve teras\u0131ndaki at\u0131klar do\u011frudan kamyonlara y\u00fcklenirken, giri\u015f kat\u0131ndaki malzemeler kep\u00e7e yard\u0131m\u0131yla alandan tahliye edildi. \u00c7al\u0131\u015fmalar sonucunda evden \u015fu ana kadar 12 kamyondan fazla at\u0131k ve eski e\u015fya \u00e7\u0131kar\u0131ld\u0131.<br \/>\n<br \/>Bug\u00fcn devam edecek temizlik s\u00fcrecinin tamamlanmas\u0131n\u0131n ard\u0131ndan ev ve \u00e7evresinde geni\u015f \u00e7apl\u0131 ila\u00e7lama yap\u0131laca\u011f\u0131 a\u00e7\u0131kland\u0131.<br \/><\/p>\n","protected":false},"excerpt":{"rendered":"<p>\u0130zmir\u2019in Karaba\u011flar il\u00e7esindeki bir meskenden 12 kamyon at\u0131k ve eski e\u015fya \u00e7\u0131kart\u0131ld\u0131. \u0130l\u00e7eye ba\u011fl\u0131 G\u00fclyaka Mahallesi 2983 Sokak\u2019taki iki katl\u0131 meskende, \u00e7evre sakinlerinin \u015fikayeti \u00fczerine belediye ekiplerince yap\u0131lan denetimlerde yo\u011fun at\u0131k birikimi, b\u00f6cek olu\u015fumu ve k\u00f6t\u00fc koku belirlendi. Durumun risk olu\u015fturmas\u0131 \u00fczerine \u0130l\u00e7e H\u0131fz\u0131ss\u0131hha Kurulu\u2019nca ev sahiplerine temizlik ve \u0131slah i\u015flemleri i\u00e7in s\u00fcre verildi. Bu&#8230;<\/p>\n","protected":false},"author":1,"featured_media":92944,"comment_status":"open","ping_status":"open","sticky":false,"template":"","format":"standard","meta":{"_crdt_document":"","footnotes":""},"categories":[1],"tags":[],"class_list":["post-92943","post","type-post","status-publish","format-standard","has-post-thumbnail","hentry","category-guncel"],"_links":{"self":[{"href":"https:\/\/www.egemtv.com\/index.php?rest_route=\/wp\/v2\/posts\/92943","targetHints":{"allow":["GET"]}}],"collection":[{"href":"https:\/\/www.egemtv.com\/index.php?rest_route=\/wp\/v2\/posts"}],"about":[{"href":"https:\/\/www.egemtv.com\/index.php?rest_route=\/wp\/v2\/types\/post"}],"author":[{"embeddable":true,"href":"https:\/\/www.egemtv.com\/index.php?rest_route=\/wp\/v2\/users\/1"}],"replies":[{"embeddable":true,"href":"https:\/\/www.egemtv.com\/index.php?rest_route=%2Fwp%2Fv2%2Fcomments&post=92943"}],"version-history":[{"count":1,"href":"https:\/\/www.egemtv.com\/index.php?rest_route=\/wp\/v2\/posts\/92943\/revisions"}],"predecessor-version":[{"id":92945,"href":"https:\/\/www.egemtv.com\/index.php?rest_route=\/wp\/v2\/posts\/92943\/revisions\/92945"}],"wp:featuredmedia":[{"embeddable":true,"href":"https:\/\/www.egemtv.com\/index.php?rest_route=\/wp\/v2\/media\/92944"}],"wp:attachment":[{"href":"https:\/\/www.egemtv.com\/index.php?rest_route=%2Fwp%2Fv2%2Fmedia&parent=92943"}],"wp:term":[{"taxonomy":"category","embeddable":true,"href":"https:\/\/www.egemtv.com\/index.php?rest_route=%2Fwp%2Fv2%2Fcategories&post=92943"},{"taxonomy":"post_tag","embeddable":true,"href":"https:\/\/www.egemtv.com\/index.php?rest_route=%2Fwp%2Fv2%2Ftags&post=92943"}],"curies":[{"name":"wp","href":"https:\/\/api.w.org\/{rel}","templated":true}]}}