{"id":92940,"date":"2026-03-09T12:34:59","date_gmt":"2026-03-09T09:34:59","guid":{"rendered":"https:\/\/www.egemtv.com\/?p=92940"},"modified":"2026-03-09T12:35:00","modified_gmt":"2026-03-09T09:35:00","slug":"vali-kosger-aciklama-yaptigi-sirada-artci-depreme-yakalandi","status":"publish","type":"post","link":"https:\/\/www.egemtv.com\/?p=92940","title":{"rendered":"Vali K\u00f6\u015fger a\u00e7\u0131klama yapt\u0131\u011f\u0131 s\u0131rada art\u00e7\u0131 depreme yakaland\u0131"},"content":{"rendered":"<p>Denizli\u2019de sabah saatlerinde meydana gelen depremin ard\u0131ndan b\u00f6lgede incelemeler yapan Vali Yavuz Selim K\u00f6\u015fger, a\u00e7\u0131klama yapt\u0131\u011f\u0131 s\u0131rada art\u00e7\u0131 depreme yakaland\u0131. Vali K\u00f6\u015fger, &#8220;\u015eu an itibar\u0131yla en sevindirici taraf\u0131 can kayb\u0131n\u0131n olmamas\u0131d\u0131r. Ekiplerimiz enkaz ve hasar olu\u015fan alanlarda incelemelerini s\u00fcrd\u00fcr\u00fcyor. Hasar tespit \u00e7al\u0131\u015fmalar\u0131 devam ediyor ve durum yak\u0131ndan takip ediliyor&#8221; dedi.<br \/>\n<br \/>Denizli\u2019de sabah saat 9.21 ralar\u0131nda Buldan il\u00e7esi Yenicekent Mahallesi merkezli 5.1 b\u00fcy\u00fckl\u00fc\u011f\u00fcnde deprem meydana geldi. Depremin ard\u0131ndan Yenicekent Mahallesi\u2019ndeki eski \u00f6zellikle yap\u0131larda hasar olu\u015ftu. Depremin ard\u0131ndan AFAD, \u00c7evre ve \u015eehircilik \u0130l M\u00fcd\u00fcrl\u00fc\u011f\u00fc, itfaiye ekipleri depremin ya\u015fand\u0131\u011f\u0131 Buldan il\u00e7esinde ve \u00e7evre il\u00e7elerde teyakkuza ge\u00e7ti. Denizli Valisi Yavuz Selim K\u00f6\u015fger\u2019de ilk olarak Buldan il\u00e7e merkezine ard\u0131ndan Yenicekent Mahallesine gelerek incelemelerde bulundu, kurum amirlerinden bilgi ald\u0131. Hasar g\u00f6ren yap\u0131lar\u0131 ziyaret ederek vatanda\u015flara ge\u00e7mi\u015f olsun dileklerini ileten Vali K\u00f6\u015fger, deprem hakk\u0131nda a\u00e7\u0131klama yapaca\u011f\u0131 s\u0131rada 3.0 b\u00fcy\u00fckl\u00fc\u011f\u00fcnde art\u00e7\u0131 sars\u0131nt\u0131ya yakaland\u0131.<\/p>\n<p>&#8220;\u015eu an itibar\u0131yla en sevindirici taraf\u0131 can kayb\u0131n\u0131n olmamas\u0131d\u0131r&#8221;<br \/>\n<br \/>Depremden etkilenen t\u00fcm vatanda\u015flara ge\u00e7mi\u015f olsun dileklerini ileten Denizli Valisi Yavuz Selim  K\u00f6\u015fger, b\u00f6lgede \u00f6zellikle eski yap\u0131larda s\u0131k\u0131nt\u0131lar ya\u015fand\u0131\u011f\u0131n\u0131 ifade etti. Eski yap\u0131lar\u0131n duvarlar\u0131nda \u00e7atlaklar, i\u015f k\u0131s\u0131mlar\u0131nda \u00e7\u00f6kmelerin meydana geldi\u011fini s\u00f6yleyen Vali K\u00f6\u015fger, &#8220;Baz\u0131 binalar\u0131n i\u00e7 dizayn\u0131nda \u00e7\u00f6kmeler var. Bir kurum binas\u0131nda ise kolon ve ta\u015f\u0131y\u0131c\u0131 sistemlerde hasar tespit edildi. \u015eu anda b\u00fct\u00fcn ekipler sahada \u00e7al\u0131\u015fmalar\u0131n\u0131 s\u00fcrd\u00fcr\u00fcyor. AFAD ve jandarma ekiplerimiz b\u00f6lgede incelemelerini yap\u0131yor. Ayn\u0131 zamanda \u00c7evre, \u015eehircilik ve \u0130klim De\u011fi\u015fikli\u011fi Bakanl\u0131\u011f\u0131\u2019na ba\u011fl\u0131 ekipler de hasar tespit \u00e7al\u0131\u015fmalar\u0131na ba\u015flad\u0131. \u00c7evre \u015eehircilik \u0130l M\u00fcd\u00fcrl\u00fc\u011f\u00fcm\u00fcz\u00fcn ekipleri de b\u00f6lgede. \u015eu an itibar\u0131yla en sevindirici taraf\u0131 can kayb\u0131n\u0131n olmamas\u0131d\u0131r. Ekiplerimiz enkaz ve hasar olu\u015fan alanlarda incelemelerini s\u00fcrd\u00fcr\u00fcyor. Hasar tespit \u00e7al\u0131\u015fmalar\u0131 devam ediyor ve durum yak\u0131ndan takip ediliyor. \u015eu an itibar\u0131yla okullar\u0131m\u0131zda da herhangi bir ciddi s\u0131k\u0131nt\u0131 g\u00f6r\u00fcnm\u00fcyor. Sadece bir okulumuzda y\u00fczeysel s\u0131va \u00e7atlaklar\u0131 var. Sadece o okul tahliye edildi. Arkada\u015flar\u0131m\u0131z sahada tespit \u00e7al\u0131\u015fmalar\u0131n\u0131 yap\u0131yorlar. \u015eu an i\u00e7in okullar\u0131m\u0131zda \u00f6nemli bir hasar s\u00f6z konusu de\u011fil. Bu nedenle okullar\u0131n tatil edilmesi gibi bir durum da yok&#8221; dedi.<br \/><\/p>\n","protected":false},"excerpt":{"rendered":"<p>Denizli\u2019de sabah saatlerinde meydana gelen depremin ard\u0131ndan b\u00f6lgede incelemeler yapan Vali Yavuz Selim K\u00f6\u015fger, a\u00e7\u0131klama yapt\u0131\u011f\u0131 s\u0131rada art\u00e7\u0131 depreme yakaland\u0131. Vali K\u00f6\u015fger, &#8220;\u015eu an itibar\u0131yla en sevindirici taraf\u0131 can kayb\u0131n\u0131n olmamas\u0131d\u0131r. Ekiplerimiz enkaz ve hasar olu\u015fan alanlarda incelemelerini s\u00fcrd\u00fcr\u00fcyor. Hasar tespit \u00e7al\u0131\u015fmalar\u0131 devam ediyor ve durum yak\u0131ndan takip ediliyor&#8221; dedi. Denizli\u2019de sabah saat 9.21 ralar\u0131nda&#8230;<\/p>\n","protected":false},"author":1,"featured_media":92941,"comment_status":"open","ping_status":"open","sticky":false,"template":"","format":"standard","meta":{"_crdt_document":"","footnotes":""},"categories":[5],"tags":[],"class_list":["post-92940","post","type-post","status-publish","format-standard","has-post-thumbnail","hentry","category-asayis"],"_links":{"self":[{"href":"https:\/\/www.egemtv.com\/index.php?rest_route=\/wp\/v2\/posts\/92940","targetHints":{"allow":["GET"]}}],"collection":[{"href":"https:\/\/www.egemtv.com\/index.php?rest_route=\/wp\/v2\/posts"}],"about":[{"href":"https:\/\/www.egemtv.com\/index.php?rest_route=\/wp\/v2\/types\/post"}],"author":[{"embeddable":true,"href":"https:\/\/www.egemtv.com\/index.php?rest_route=\/wp\/v2\/users\/1"}],"replies":[{"embeddable":true,"href":"https:\/\/www.egemtv.com\/index.php?rest_route=%2Fwp%2Fv2%2Fcomments&post=92940"}],"version-history":[{"count":1,"href":"https:\/\/www.egemtv.com\/index.php?rest_route=\/wp\/v2\/posts\/92940\/revisions"}],"predecessor-version":[{"id":92942,"href":"https:\/\/www.egemtv.com\/index.php?rest_route=\/wp\/v2\/posts\/92940\/revisions\/92942"}],"wp:featuredmedia":[{"embeddable":true,"href":"https:\/\/www.egemtv.com\/index.php?rest_route=\/wp\/v2\/media\/92941"}],"wp:attachment":[{"href":"https:\/\/www.egemtv.com\/index.php?rest_route=%2Fwp%2Fv2%2Fmedia&parent=92940"}],"wp:term":[{"taxonomy":"category","embeddable":true,"href":"https:\/\/www.egemtv.com\/index.php?rest_route=%2Fwp%2Fv2%2Fcategories&post=92940"},{"taxonomy":"post_tag","embeddable":true,"href":"https:\/\/www.egemtv.com\/index.php?rest_route=%2Fwp%2Fv2%2Ftags&post=92940"}],"curies":[{"name":"wp","href":"https:\/\/api.w.org\/{rel}","templated":true}]}}