{"id":92937,"date":"2026-03-09T12:34:58","date_gmt":"2026-03-09T09:34:58","guid":{"rendered":"https:\/\/www.egemtv.com\/?p=92937"},"modified":"2026-03-09T12:34:59","modified_gmt":"2026-03-09T09:34:59","slug":"adude-egitim-ve-arastirma-altyapisina-kapsamli-yatirim","status":"publish","type":"post","link":"https:\/\/www.egemtv.com\/?p=92937","title":{"rendered":"AD\u00dc\u2019de e\u011fitim ve ara\u015ft\u0131rma altyap\u0131s\u0131na kapsaml\u0131 yat\u0131r\u0131m"},"content":{"rendered":"<p>Ayd\u0131n Adnan Menderes \u00dcniversitesi\u2019nde son d\u00f6nemde hayata ge\u00e7irilen laboratuvarlar, ara\u015ft\u0131rma merkezleri ve dijital altyap\u0131 yat\u0131r\u0131mlar\u0131yla e\u011fitim ve bilimsel ara\u015ft\u0131rma kapasitesi g\u00fc\u00e7lendirildi.<\/p>\n<p>Ayd\u0131n Adnan Menderes \u00dcniversitesi (AD\u00dc), Rekt\u00f6r Prof. Dr. B\u00fclent Kent\u2019in g\u00f6reve ba\u015flamas\u0131n\u0131n ard\u0131ndan e\u011fitim, ara\u015ft\u0131rma ve uygulama altyap\u0131s\u0131n\u0131 g\u00fc\u00e7lendirmeye y\u00f6nelik kapsaml\u0131 yat\u0131r\u0131mlar\u0131 hayata ge\u00e7irildi. \u00dcniversite genelinde kurulan yeni laboratuvarlar, uygulama alanlar\u0131 ve ara\u015ft\u0131rma merkezleriyle bilimsel \u00fcretkenli\u011fin art\u0131r\u0131lmas\u0131 hedefleniyor. Bu kapsamda M\u00fchendislik Fak\u00fcltesi b\u00fcnyesinde Deprem Performans Analiz Laboratuvar\u0131 kurularak yap\u0131 g\u00fcvenli\u011fi ve performans analizlerine y\u00f6nelik akademik ve teknik kapasite art\u0131r\u0131ld\u0131. Bilgisayar M\u00fchendisli\u011fi \u00d6\u011frenci Uygulama Laboratuvar\u0131 ile Elektrik-Elektronik M\u00fchendisli\u011fi Devre ve Elektronik Laboratuvar\u0131 modern donan\u0131mlarla yenilenerek \u00f6\u011frencilerin uygulamal\u0131 e\u011fitim imkanlar\u0131 geni\u015fletildi. Ko\u00e7arl\u0131 Meslek Y\u00fcksekokulu\u2019nda kurulan Bitkisel \u00dcretim Laboratuvar\u0131 ile tar\u0131m, biyok\u00fctle ve t\u0131bbi-aromatik bitkiler alan\u0131ndaki ara\u015ft\u0131rma-geli\u015ftirme altyap\u0131s\u0131 g\u00fc\u00e7lendirilirken, Buharkent Meslek Y\u00fcksekokulu\u2019nda NetSpeed A.\u015e. Bilgisayar Laboratuvar\u0131 ve Polimer Teknolojisi Laboratuvar\u0131 hizmete al\u0131nd\u0131. B\u00f6ylece \u00fcniversite-sekt\u00f6r i\u015f birli\u011fi \u00e7er\u00e7evesinde dijital teknolojiler ve malzeme bilimi alanlar\u0131nda uygulamal\u0131 e\u011fitim ortam\u0131 olu\u015fturuldu. Sa\u011fl\u0131k Bilimleri Fak\u00fcltesi\u2019nde Beslenme \u0130lkeleri Laboratuvar\u0131 kurulurken, S\u00f6ke \u0130\u015fletme Fak\u00fcltesi\u2019ne iki bilgisayar laboratuvar\u0131 ve bir yapay zeka laboratuvar\u0131 kazand\u0131r\u0131ld\u0131. \u0130leti\u015fim Fak\u00fcltesi\u2019ndeki bilgisayar laboratuvarlar\u0131 da yenilenerek \u00f6\u011frencilerin g\u00fcncel teknolojilerle e\u011fitim almalar\u0131 sa\u011fland\u0131. Veteriner Fak\u00fcltesi b\u00fcnyesinde kurulan Dijital E\u011fitim ve Uygulama Laboratuvar\u0131 (DijiLab) ile sanal ger\u00e7eklik ve \u00fc\u00e7 boyutlu modelleme destekli dijital e\u011fitim altyap\u0131s\u0131 olu\u015fturuldu. S\u00f6ke Sa\u011fl\u0131k Hizmetleri Meslek Y\u00fcksekokulu\u2019nda kurulan Sanal Ger\u00e7eklik Uygulama Laboratuvar\u0131 ile sa\u011fl\u0131k e\u011fitiminde sim\u00fclasyon temelli \u00f6\u011frenme imkanlar\u0131 g\u00fc\u00e7lendirildi. E\u011fitim Fak\u00fcltesi\u2019nde kurulan Bili\u015fsel, Davran\u0131\u015fsal Uygulama ve Ara\u015ft\u0131rma Laboratuvar\u0131 (B\u0130DA-LAB) ile \u00f6\u011fretmen adaylar\u0131n\u0131n mesleki geli\u015fim s\u00fcre\u00e7lerinin biyometrik \u00f6l\u00e7\u00fcm sistemleri, sanal ger\u00e7eklik uygulamalar\u0131 ve yapay zeka destekli veri analizleriyle incelenebilece\u011fi bir ara\u015ft\u0131rma altyap\u0131s\u0131 olu\u015fturuldu.<\/p>\n<p>Merkezi Ara\u015ft\u0131rma Laboratuvar\u0131 b\u00fcy\u00fcd\u00fc<br \/>\n<br \/>\u00d6te yandan AD\u00dc Hastanesi yerle\u015fkesinde yap\u0131m\u0131 s\u00fcren Yeni Poliklinik ve Laboratuvar Binas\u0131 Projesi ile sa\u011fl\u0131k altyap\u0131s\u0131n\u0131n g\u00fc\u00e7lendirilmesi hedefleniyor. Tan\u0131 ve tedavi s\u00fcre\u00e7lerinde verimlili\u011fi art\u0131rmas\u0131 planlanan proje, modern laboratuvar birimleri ve y\u00fcksek kapasiteli poliklinik alanlar\u0131n\u0131 bir araya getirecek \u015fekilde tasarland\u0131. \u00dcniversitenin Bilim Teknoloji Uygulama ve Ara\u015ft\u0131rma Merkezi (Merkezi Ara\u015ft\u0131rma Laboratuvar\u0131) ise yeni binas\u0131nda hizmet vermeye ba\u015flad\u0131. Daha \u00f6nce 773 metrekare alanda faaliyet g\u00f6steren laboratuvar, yap\u0131lan yat\u0131r\u0131mlarla 2 bin 495 metrekare b\u00fcy\u00fckl\u00fc\u011fe ula\u015ft\u0131. Merkezde farkl\u0131 disiplinlerde ara\u015ft\u0131rmalar\u0131n y\u00fcr\u00fct\u00fclebilece\u011fi 9 ara\u015ft\u0131rma laboratuvar\u0131 ve 100 ki\u015filik deneysel \u00e7al\u0131\u015fma alan\u0131 bulunuyor. Merkezde 2026-2028 y\u0131llar\u0131 aras\u0131nda 50 ileri teknolojik cihaz\u0131n temin edilmesi planlan\u0131rken, bu yat\u0131r\u0131mlar i\u00e7in 377 milyon 267 bin TL b\u00fct\u00e7e ayr\u0131ld\u0131\u011f\u0131 bildirildi. \u0130la\u00e7 geli\u015ftirme, h\u00fccre ve kanser ara\u015ft\u0131rmalar\u0131, genomik ve proteomik \u00e7al\u0131\u015fmalar, mikrobiyolojik analizler ile yapay zeka ve biyoinformatik uygulamalar\u0131n\u0131n da aralar\u0131nda bulundu\u011fu bir\u00e7ok alanda ara\u015ft\u0131rma yap\u0131lmas\u0131 hedefleniyor.<\/p>\n<p>\u00dcniversitede ayr\u0131ca 4003-T Milli Teknoloji At\u00f6lyeleri \u00e7a\u011fr\u0131s\u0131 kapsam\u0131nda destek almaya hak kazanan &#8220;AD\u00dc Milli Teknoloji At\u00f6lyesi&#8221; projesi ile \u00f6\u011frencilerin proje geli\u015ftirme, prototip \u00fcretme ve teknoloji giri\u015fimcili\u011fi faaliyetlerine kat\u0131l\u0131m\u0131 te\u015fvik edilecek. Proje a\u015famas\u0131ndaki STEM Laboratuvar\u0131 ile de \u00f6\u011frencilerin TEKNOFEST ve bilim projeleri i\u00e7in y\u00fcksek h\u0131zl\u0131 bilgisayar altyap\u0131s\u0131ndan yararlanmas\u0131 planlan\u0131yor. AD\u00dc\u2019de dijitalle\u015fme \u00e7al\u0131\u015fmalar\u0131 kapsam\u0131nda Uzaktan E\u011fitim Portal\u0131 (AD\u00dcZEM), Teknoloji Transfer Ofisi (TTO), Bilimsel Ara\u015ft\u0131rma Projeleri Koordinasyon Birimi (BAP) ve T\u00d6MER i\u00e7in yeni alanlar olu\u015fturuldu. S\u00fcrekli E\u011fitim Merkezi\u2019nin yeni binas\u0131nda kurulan \u00e7ekim ofisi ile uzaktan e\u011fitim programlar\u0131na y\u00f6nelik dijital i\u00e7erik \u00fcretim altyap\u0131s\u0131 da g\u00fc\u00e7lendirildi. Merkez Kamp\u00fcs\u2019te olu\u015fturulan S\u0131f\u0131r At\u0131k Alan\u0131 ile \u00e7evre dostu kamp\u00fcs y\u00f6netimi uygulamalar\u0131 da hayata ge\u00e7irilirken, AD\u00dc Park \u00d6\u011frenci ve Ya\u015fam Merkezi b\u00fcnyesinde yeni s\u0131n\u0131flar olu\u015fturularak e\u011fitim ve etkinlik alanlar\u0131 geni\u015fletildi. \u00dcniversitenin Merkez Kamp\u00fcs\u2019te olu\u015fturulan S\u0131f\u0131r At\u0131k Alan\u0131 ile \u00e7evreye duyarl\u0131 ve s\u00fcrd\u00fcr\u00fclebilir kamp\u00fcs y\u00f6netimi anlay\u0131\u015f\u0131 do\u011frultusunda \u00f6nemli bir ad\u0131m at\u0131ld\u0131. Bu kapsamda hayata ge\u00e7irilen uygulama ile at\u0131klar\u0131n kayna\u011f\u0131nda ayr\u0131\u015ft\u0131r\u0131lmas\u0131, geri d\u00f6n\u00fc\u015f\u00fcm s\u00fcre\u00e7lerinin etkin bi\u00e7imde y\u00fcr\u00fct\u00fclmesi ve do\u011fal kaynaklar\u0131n daha verimli kullan\u0131lmas\u0131 hedefleniyor.<\/p>\n<p>&#8220;Ara\u015ft\u0131rma \u00fcniversitesi olma hedefinde \u00e7al\u0131\u015fmalar\u0131m\u0131z\u0131 kararl\u0131l\u0131kla s\u00fcrd\u00fcr\u00fcyoruz&#8221;<br \/>\n<br \/>AD\u00dc Rekt\u00f6r\u00fc Prof. Dr. B\u00fclent Kent, ger\u00e7ekle\u015ftirilen yat\u0131r\u0131mlar\u0131n yaln\u0131zca fiziki altyap\u0131 geli\u015ftirme amac\u0131 ta\u015f\u0131mad\u0131\u011f\u0131n\u0131, ayn\u0131 zamanda \u00fcniversitenin bilimsel \u00fcretim kapasitesini art\u0131rmay\u0131 ve \u00f6\u011frencilerin nitelikli e\u011fitim imkanlar\u0131na eri\u015fimini g\u00fc\u00e7lendirmeyi hedefledi\u011fini vurgulad\u0131. \u00dcniversitenin e\u011fitim, ara\u015ft\u0131rma ve toplumsal katk\u0131 misyonunu b\u00fct\u00fcnc\u00fcl bir yakla\u015f\u0131mla ele ald\u0131klar\u0131n\u0131 ifade eden Rekt\u00f6r Kent, hayata ge\u00e7irilen laboratuvarlar, uygulama alanlar\u0131 ve ara\u015ft\u0131rma merkezlerinin akademisyenlerin bilimsel \u00e7al\u0131\u015fmalar\u0131n\u0131 destekleyecek, \u00f6\u011frencilerin ise uygulama temelli \u00f6\u011frenme s\u00fcre\u00e7lerine aktif kat\u0131l\u0131m\u0131n\u0131 art\u0131racak \u00f6nemli imkanlar sundu\u011funu belirtti. \u00dcniversite-sanayi i\u015f birli\u011fini g\u00fc\u00e7lendiren projelerin ve ileri teknoloji altyap\u0131s\u0131n\u0131n, b\u00f6lgesel kalk\u0131nma hedefleri a\u00e7\u0131s\u0131ndan da \u00f6nemli bir rol \u00fcstlendi\u011fine dikkat \u00e7eken Kent, dijitalle\u015fme, yapay zeka uygulamalar\u0131, ileri ara\u015ft\u0131rma teknolojileri ve giri\u015fimcilik odakl\u0131 e\u011fitim modellerinin \u00f6n\u00fcm\u00fczdeki d\u00f6nemde \u00fcniversitemizin stratejik geli\u015fim alanlar\u0131 aras\u0131nda yer ald\u0131\u011f\u0131na de\u011findi.<\/p>\n<p>AD\u00dc\u2019n\u00fcn bilimsel ara\u015ft\u0131rma kapasitesini art\u0131ran yat\u0131r\u0131mlar\u0131n yan\u0131 s\u0131ra \u00f6\u011frencilerin sosyal, k\u00fclt\u00fcrel ve akademik geli\u015fimini destekleyen yeni \u00f6\u011frenme alanlar\u0131 ve ya\u015fam merkezleri olu\u015fturduklar\u0131n\u0131 da s\u00f6zlerine ekleyen Rekt\u00f6r Kent; &#8220;Ayd\u0131n Adnan Menderes \u00dcniversitesi olarak bilgi \u00fcreten, \u00fcretti\u011fi bilgiyi toplumsal faydaya d\u00f6n\u00fc\u015ft\u00fcren ve ulusal ile uluslararas\u0131 d\u00fczeyde rekabet edebilen bir ara\u015ft\u0131rma \u00fcniversitesi olma hedefi do\u011frultusunda \u00e7al\u0131\u015fmalar\u0131m\u0131z\u0131 kararl\u0131l\u0131kla s\u00fcrd\u00fcr\u00fcyoruz. E\u011fitimde kaliteyi, ara\u015ft\u0131rmada m\u00fckemmeliyeti ve topluma hizmet anlay\u0131\u015f\u0131n\u0131 esas alan vizyonumuz do\u011frultusunda, \u00fcniversitemizin kurumsal kapasitesini her alanda g\u00fc\u00e7lendirmeye devam edece\u011fiz&#8221; dedi.<br \/><\/p>\n","protected":false},"excerpt":{"rendered":"<p>Ayd\u0131n Adnan Menderes \u00dcniversitesi\u2019nde son d\u00f6nemde hayata ge\u00e7irilen laboratuvarlar, ara\u015ft\u0131rma merkezleri ve dijital altyap\u0131 yat\u0131r\u0131mlar\u0131yla e\u011fitim ve bilimsel ara\u015ft\u0131rma kapasitesi g\u00fc\u00e7lendirildi. Ayd\u0131n Adnan Menderes \u00dcniversitesi (AD\u00dc), Rekt\u00f6r Prof. Dr. B\u00fclent Kent\u2019in g\u00f6reve ba\u015flamas\u0131n\u0131n ard\u0131ndan e\u011fitim, ara\u015ft\u0131rma ve uygulama altyap\u0131s\u0131n\u0131 g\u00fc\u00e7lendirmeye y\u00f6nelik kapsaml\u0131 yat\u0131r\u0131mlar\u0131 hayata ge\u00e7irildi. \u00dcniversite genelinde kurulan yeni laboratuvarlar, uygulama alanlar\u0131 ve ara\u015ft\u0131rma merkezleriyle&#8230;<\/p>\n","protected":false},"author":1,"featured_media":92938,"comment_status":"open","ping_status":"open","sticky":false,"template":"","format":"standard","meta":{"_crdt_document":"","footnotes":""},"categories":[1],"tags":[],"class_list":["post-92937","post","type-post","status-publish","format-standard","has-post-thumbnail","hentry","category-guncel"],"_links":{"self":[{"href":"https:\/\/www.egemtv.com\/index.php?rest_route=\/wp\/v2\/posts\/92937","targetHints":{"allow":["GET"]}}],"collection":[{"href":"https:\/\/www.egemtv.com\/index.php?rest_route=\/wp\/v2\/posts"}],"about":[{"href":"https:\/\/www.egemtv.com\/index.php?rest_route=\/wp\/v2\/types\/post"}],"author":[{"embeddable":true,"href":"https:\/\/www.egemtv.com\/index.php?rest_route=\/wp\/v2\/users\/1"}],"replies":[{"embeddable":true,"href":"https:\/\/www.egemtv.com\/index.php?rest_route=%2Fwp%2Fv2%2Fcomments&post=92937"}],"version-history":[{"count":1,"href":"https:\/\/www.egemtv.com\/index.php?rest_route=\/wp\/v2\/posts\/92937\/revisions"}],"predecessor-version":[{"id":92939,"href":"https:\/\/www.egemtv.com\/index.php?rest_route=\/wp\/v2\/posts\/92937\/revisions\/92939"}],"wp:featuredmedia":[{"embeddable":true,"href":"https:\/\/www.egemtv.com\/index.php?rest_route=\/wp\/v2\/media\/92938"}],"wp:attachment":[{"href":"https:\/\/www.egemtv.com\/index.php?rest_route=%2Fwp%2Fv2%2Fmedia&parent=92937"}],"wp:term":[{"taxonomy":"category","embeddable":true,"href":"https:\/\/www.egemtv.com\/index.php?rest_route=%2Fwp%2Fv2%2Fcategories&post=92937"},{"taxonomy":"post_tag","embeddable":true,"href":"https:\/\/www.egemtv.com\/index.php?rest_route=%2Fwp%2Fv2%2Ftags&post=92937"}],"curies":[{"name":"wp","href":"https:\/\/api.w.org\/{rel}","templated":true}]}}