{"id":92934,"date":"2026-03-09T12:14:56","date_gmt":"2026-03-09T09:14:56","guid":{"rendered":"https:\/\/www.egemtv.com\/?p=92934"},"modified":"2026-03-09T12:14:57","modified_gmt":"2026-03-09T09:14:57","slug":"bu-koyde-herkes-ayni-sofrada-iftar-yapiyor","status":"publish","type":"post","link":"https:\/\/www.egemtv.com\/?p=92934","title":{"rendered":"Bu k\u00f6yde herkes ayn\u0131 sofrada iftar yap\u0131yor"},"content":{"rendered":"<p>Burdur\u2019un G\u00f6lhisar il\u00e7esine ba\u011fl\u0131 Uylup\u0131nar k\u00f6y\u00fcnde Ramazan ay\u0131, y\u0131llard\u0131r s\u00fcren anlaml\u0131 bir gelenekle ya\u015fan\u0131yor. K\u00f6y halk\u0131 imece usul\u00fc haz\u0131rlad\u0131klar\u0131 iftar sofralar\u0131nda her ak\u015fam yakla\u015f\u0131k 250-300 ki\u015fiyi ayn\u0131 sofrada bulu\u015ftururken, hasta ve ya\u015fl\u0131lar\u0131n yemekleri de evlerine kadar ula\u015ft\u0131r\u0131l\u0131yor.<br \/>\n<br \/>Burdur\u2019un G\u00f6lhisar il\u00e7esine ba\u011fl\u0131 Uylup\u0131nar k\u00f6y\u00fcnde yakla\u015f\u0131k 11 y\u0131ld\u0131r s\u00fcrd\u00fcr\u00fclen iftar gelene\u011fi, k\u00f6y halk\u0131n\u0131n dayan\u0131\u015fmas\u0131yla ya\u015fat\u0131l\u0131yor. Her ak\u015fam k\u00f6y camisinin avlusunda kurulan iftar sofralar\u0131nda bir araya gelen vatanda\u015flar, birlikte iftar yapman\u0131n mutlulu\u011funu payla\u015f\u0131yor. K\u00f6y d\u0131\u015f\u0131nda gelen misafirlerin de a\u011f\u0131rland\u0131\u011f\u0131 programda, k\u00f6yde ya\u015fayan hasta ve ya\u015fl\u0131 vatanda\u015flar\u0131n yemekleri ise evlerine ula\u015ft\u0131r\u0131l\u0131yor. \u0130ftar i\u00e7in erken saatlerde haz\u0131rl\u0131klara ba\u015flayan k\u00f6y halk\u0131, imece usul\u00fc haz\u0131rlanan yemeklerle her g\u00fcn y\u00fczlerce ki\u015fiyi ayn\u0131 sofrada bulu\u015fturman\u0131n mutlulu\u011funu ya\u015f\u0131yor. \u0130ftardan sonra demlenen \u00e7aylar misafirlere ikram edilirken, el birli\u011fiyle kurulan iftar sofralar\u0131 yine imece usul\u00fc toplan\u0131yor.<\/p>\n<p>&#8220;Ramazan\u2019\u0131n bereketini hep birlikte ya\u015f\u0131yoruz&#8221;<br \/>\n<br \/>Uylup\u0131nar K\u00f6y\u00fc Muhtar\u0131 Mehmet K\u0131rl\u0131, iftar sofralar\u0131n\u0131n on bir y\u0131ld\u0131r aral\u0131ks\u0131z devam etti\u011fini belirterek, &#8220;Yakla\u015f\u0131k 11 y\u0131ld\u0131r k\u00f6y\u00fcm\u00fczde geleneksel iftar sofralar\u0131n\u0131 kuruyoruz. M\u00fcbarek Ramazan ay\u0131nda k\u00f6y halk\u0131yla bir arada iftar yapman\u0131n mutlulu\u011funu ya\u015f\u0131yoruz. \u00c7evre k\u00f6ylerden ve il\u00e7e merkezinden gelen misafirlerimizi a\u011f\u0131rlamak ise bizler i\u00e7in ayr\u0131 bir onur kayna\u011f\u0131 oluyor. G\u00fcnl\u00fck yakla\u015f\u0131k 250-300 ki\u015filik iftar sofram\u0131z var. Dileyen herkes k\u00f6y\u00fcm\u00fcze gelerek bu payla\u015f\u0131m ve dayan\u0131\u015fma ortam\u0131na kat\u0131labilir. Bu vesileyle bu g\u00fczel birlikteli\u011fe katk\u0131 sunan t\u00fcm k\u00f6y halk\u0131m\u0131za ve hay\u0131rseverlerimize te\u015fekk\u00fcr ediyorum. Allah tutulan oru\u00e7lar\u0131m\u0131z\u0131 kabul eylesin&#8221; dedi.<\/p>\n<p>&#8220;\u0130ftar sofralar\u0131n\u0131n mutfa\u011f\u0131nda b\u00fcy\u00fck emek var&#8221;<br \/>\n<br \/>\u0130ftar yemeklerini haz\u0131rlayan a\u015f\u00e7\u0131 Saime \u00d6zdemir, yemeklerin haz\u0131rlanma s\u00fcrecine dair bilgi vererek, &#8220;Her ak\u015fam iftar yeme\u011fi haz\u0131rl\u0131yoruz. \u00c7al\u0131\u015fmalara bir g\u00fcn \u00f6nceden saat 14.00 gibi ba\u015fl\u0131yoruz ve iftar saatine kadar yemekleri yeti\u015ftiriyoruz. Men\u00fcy\u00fc k\u00f6y halk\u0131yla birlikte olu\u015fturuyoruz, herkes elinden geleni yaparak bu gelene\u011fi imece usul\u00fc ile s\u00fcrd\u00fcr\u00fcyoruz&#8221; \u015feklinde konu\u015ftu.<br \/>\n<br \/>\u0130ftar program\u0131na il\u00e7e merkezinden ailesiyle birlikte kat\u0131lan Ramazan \u00dcz\u00fcmc\u00fc de, k\u00f6yl\u00fclerin ger\u00e7ekle\u015ftirdi\u011fi bu anlaml\u0131 organizasyona her y\u0131l kat\u0131ld\u0131klar\u0131n\u0131 belirterek, &#8220;Bu g\u00fczel dayan\u0131\u015fmaya destek veriyoruz. T\u00fcm yak\u0131nlar\u0131m\u0131z\u0131 da buraya davet ediyoruz. Muhtar\u0131m\u0131za ve k\u00f6y halk\u0131na te\u015fekk\u00fcr ediyorum. Yapanlardan Allah Raz\u0131 olsun&#8221; ifadelerini kulland\u0131.<br \/>\n<br \/>\u0130ftar organizasyonunun y\u00fcr\u00fct\u00fclmesinde \u00f6nemli rol \u00fcstlenen Y\u00fcksel Cenk, &#8220;K\u00f6y\u00fcm\u00fczde yakla\u015f\u0131k 250-300 ki\u015filik iftar program\u0131n\u0131 organize etmek i\u00e7in \u00e7al\u0131\u015f\u0131yoruz. Hay\u0131rseverlerin destekleriyle bu g\u00fczel gelene\u011fi ya\u015fat\u0131yoruz ve y\u0131llard\u0131r s\u00fcrd\u00fcr\u00fcyoruz&#8221; dedi.<br \/><\/p>\n","protected":false},"excerpt":{"rendered":"<p>Burdur\u2019un G\u00f6lhisar il\u00e7esine ba\u011fl\u0131 Uylup\u0131nar k\u00f6y\u00fcnde Ramazan ay\u0131, y\u0131llard\u0131r s\u00fcren anlaml\u0131 bir gelenekle ya\u015fan\u0131yor. K\u00f6y halk\u0131 imece usul\u00fc haz\u0131rlad\u0131klar\u0131 iftar sofralar\u0131nda her ak\u015fam yakla\u015f\u0131k 250-300 ki\u015fiyi ayn\u0131 sofrada bulu\u015ftururken, hasta ve ya\u015fl\u0131lar\u0131n yemekleri de evlerine kadar ula\u015ft\u0131r\u0131l\u0131yor. Burdur\u2019un G\u00f6lhisar il\u00e7esine ba\u011fl\u0131 Uylup\u0131nar k\u00f6y\u00fcnde yakla\u015f\u0131k 11 y\u0131ld\u0131r s\u00fcrd\u00fcr\u00fclen iftar gelene\u011fi, k\u00f6y halk\u0131n\u0131n dayan\u0131\u015fmas\u0131yla ya\u015fat\u0131l\u0131yor. Her ak\u015fam&#8230;<\/p>\n","protected":false},"author":1,"featured_media":92935,"comment_status":"open","ping_status":"open","sticky":false,"template":"","format":"standard","meta":{"_crdt_document":"","footnotes":""},"categories":[123],"tags":[],"class_list":["post-92934","post","type-post","status-publish","format-standard","has-post-thumbnail","hentry","category-gundem"],"_links":{"self":[{"href":"https:\/\/www.egemtv.com\/index.php?rest_route=\/wp\/v2\/posts\/92934","targetHints":{"allow":["GET"]}}],"collection":[{"href":"https:\/\/www.egemtv.com\/index.php?rest_route=\/wp\/v2\/posts"}],"about":[{"href":"https:\/\/www.egemtv.com\/index.php?rest_route=\/wp\/v2\/types\/post"}],"author":[{"embeddable":true,"href":"https:\/\/www.egemtv.com\/index.php?rest_route=\/wp\/v2\/users\/1"}],"replies":[{"embeddable":true,"href":"https:\/\/www.egemtv.com\/index.php?rest_route=%2Fwp%2Fv2%2Fcomments&post=92934"}],"version-history":[{"count":1,"href":"https:\/\/www.egemtv.com\/index.php?rest_route=\/wp\/v2\/posts\/92934\/revisions"}],"predecessor-version":[{"id":92936,"href":"https:\/\/www.egemtv.com\/index.php?rest_route=\/wp\/v2\/posts\/92934\/revisions\/92936"}],"wp:featuredmedia":[{"embeddable":true,"href":"https:\/\/www.egemtv.com\/index.php?rest_route=\/wp\/v2\/media\/92935"}],"wp:attachment":[{"href":"https:\/\/www.egemtv.com\/index.php?rest_route=%2Fwp%2Fv2%2Fmedia&parent=92934"}],"wp:term":[{"taxonomy":"category","embeddable":true,"href":"https:\/\/www.egemtv.com\/index.php?rest_route=%2Fwp%2Fv2%2Fcategories&post=92934"},{"taxonomy":"post_tag","embeddable":true,"href":"https:\/\/www.egemtv.com\/index.php?rest_route=%2Fwp%2Fv2%2Ftags&post=92934"}],"curies":[{"name":"wp","href":"https:\/\/api.w.org\/{rel}","templated":true}]}}