{"id":92931,"date":"2026-03-09T12:14:55","date_gmt":"2026-03-09T09:14:55","guid":{"rendered":"https:\/\/www.egemtv.com\/?p=92931"},"modified":"2026-03-09T12:14:56","modified_gmt":"2026-03-09T09:14:56","slug":"prof-dr-ahmet-ercandan-buldan-depremi-aciklamasi-bolge-m7lik-depreme-yatkin","status":"publish","type":"post","link":"https:\/\/www.egemtv.com\/?p=92931","title":{"rendered":"Prof. Dr. Ahmet Ercan\u2019dan Buldan depremi a\u00e7\u0131klamas\u0131: &#8220;B\u00f6lge M7\u2019lik depreme yatk\u0131n&#8221;"},"content":{"rendered":"<p>Jeofizik Y\u00fcksek M\u00fchendisi Prof. Dr. Ahmet Ercan, Denizli\u2019nin Buldan il\u00e7esinde meydana gelen 5.1 b\u00fcy\u00fckl\u00fc\u011f\u00fcndeki depreme ili\u015fkin de\u011ferlendirmesini sosyal medya hesab\u0131ndan payla\u015ft\u0131. Prof. Dr. Ahmet Ercan, &#8220;B\u00f6lge M7\u2019lik depreme yatk\u0131n&#8221; dedi.<\/p>\n<p>Jeofizik Y\u00fcksek M\u00fchendisi Prof. Dr. Ahmet Ercan, Denizli\u2019nin Buldan il\u00e7esine ba\u011fl\u0131 Yenicekent Mahallesi\u2019nde bug\u00fcn saat 09.21\u2019de meydana gelen 5.1 b\u00fcy\u00fckl\u00fc\u011f\u00fcndeki depremle ilgili de\u011ferlendirmede bulundu. Ercan, a\u00e7\u0131klamas\u0131n\u0131 sosyal medya hesab\u0131 \u00fczerinden yapt\u0131.<\/p>\n<p>Prof. Dr. Ercan payla\u015f\u0131m\u0131nda, &#8220;Denizli Buldan Yenicekent\u2019te bug\u00fcn 09.21\u2019de, 7.5 km odak derinli\u011finde M5.1 b\u00fcy\u00fckl\u00fc\u011f\u00fcnde k\u00fc\u00e7\u00fck boyutlu bir deprem olmu\u015ftur. Denizli Pamukkale \u00c7ukuru i\u00e7indeki bu deprem, Gediz ana k\u0131r\u0131\u011f\u0131 ile B\u00fcy\u00fck Menderes k\u0131r\u0131klar\u0131n\u0131n kesim yerine \u00e7ok yak\u0131nd\u0131r. Bu kesim her zaman i\u00e7in M7 dolay\u0131nda deprem \u00fcretmeye yatk\u0131nd\u0131r&#8221; ifadelerini kulland\u0131.<\/p>\n<p>Depremin b\u00fcy\u00fckl\u00fc\u011f\u00fcne ili\u015fkin de de\u011ferlendirmede bulunan Ercan, &#8220;M5.1 b\u00fcy\u00fckl\u00fc\u011f\u00fcndeki deprem b\u00f6lgede y\u0131\u011fma k\u00f6y evleri ile a\u011f\u0131llar d\u0131\u015f\u0131nda y\u0131k\u0131c\u0131 de\u011fildir. Bunun arkas\u0131ndan daha b\u00fcy\u00fck bir depremin gelip gelmeyece\u011fi s\u00f6ylenemez. B\u00f6lgedeki jeotermal olanlar bu depremlerin varl\u0131\u011f\u0131yla \u0131s\u0131nmaktad\u0131r&#8221; ifadelerine yer verdi.<br \/><\/p>\n","protected":false},"excerpt":{"rendered":"<p>Jeofizik Y\u00fcksek M\u00fchendisi Prof. Dr. Ahmet Ercan, Denizli\u2019nin Buldan il\u00e7esinde meydana gelen 5.1 b\u00fcy\u00fckl\u00fc\u011f\u00fcndeki depreme ili\u015fkin de\u011ferlendirmesini sosyal medya hesab\u0131ndan payla\u015ft\u0131. Prof. Dr. Ahmet Ercan, &#8220;B\u00f6lge M7\u2019lik depreme yatk\u0131n&#8221; dedi. Jeofizik Y\u00fcksek M\u00fchendisi Prof. Dr. Ahmet Ercan, Denizli\u2019nin Buldan il\u00e7esine ba\u011fl\u0131 Yenicekent Mahallesi\u2019nde bug\u00fcn saat 09.21\u2019de meydana gelen 5.1 b\u00fcy\u00fckl\u00fc\u011f\u00fcndeki depremle ilgili de\u011ferlendirmede bulundu. Ercan,&#8230;<\/p>\n","protected":false},"author":1,"featured_media":92932,"comment_status":"open","ping_status":"open","sticky":false,"template":"","format":"standard","meta":{"_crdt_document":"","footnotes":""},"categories":[5],"tags":[],"class_list":["post-92931","post","type-post","status-publish","format-standard","has-post-thumbnail","hentry","category-asayis"],"_links":{"self":[{"href":"https:\/\/www.egemtv.com\/index.php?rest_route=\/wp\/v2\/posts\/92931","targetHints":{"allow":["GET"]}}],"collection":[{"href":"https:\/\/www.egemtv.com\/index.php?rest_route=\/wp\/v2\/posts"}],"about":[{"href":"https:\/\/www.egemtv.com\/index.php?rest_route=\/wp\/v2\/types\/post"}],"author":[{"embeddable":true,"href":"https:\/\/www.egemtv.com\/index.php?rest_route=\/wp\/v2\/users\/1"}],"replies":[{"embeddable":true,"href":"https:\/\/www.egemtv.com\/index.php?rest_route=%2Fwp%2Fv2%2Fcomments&post=92931"}],"version-history":[{"count":1,"href":"https:\/\/www.egemtv.com\/index.php?rest_route=\/wp\/v2\/posts\/92931\/revisions"}],"predecessor-version":[{"id":92933,"href":"https:\/\/www.egemtv.com\/index.php?rest_route=\/wp\/v2\/posts\/92931\/revisions\/92933"}],"wp:featuredmedia":[{"embeddable":true,"href":"https:\/\/www.egemtv.com\/index.php?rest_route=\/wp\/v2\/media\/92932"}],"wp:attachment":[{"href":"https:\/\/www.egemtv.com\/index.php?rest_route=%2Fwp%2Fv2%2Fmedia&parent=92931"}],"wp:term":[{"taxonomy":"category","embeddable":true,"href":"https:\/\/www.egemtv.com\/index.php?rest_route=%2Fwp%2Fv2%2Fcategories&post=92931"},{"taxonomy":"post_tag","embeddable":true,"href":"https:\/\/www.egemtv.com\/index.php?rest_route=%2Fwp%2Fv2%2Ftags&post=92931"}],"curies":[{"name":"wp","href":"https:\/\/api.w.org\/{rel}","templated":true}]}}