{"id":92928,"date":"2026-03-09T12:14:54","date_gmt":"2026-03-09T09:14:54","guid":{"rendered":"https:\/\/www.egemtv.com\/?p=92928"},"modified":"2026-03-09T12:14:55","modified_gmt":"2026-03-09T09:14:55","slug":"pehlivan-cumhur-ittifakini-milletimizin-birligi-olarak-goruyoruz","status":"publish","type":"post","link":"https:\/\/www.egemtv.com\/?p=92928","title":{"rendered":"Pehlivan: &#8220;Cumhur \u0130ttifak\u0131\u2019n\u0131 milletimizin birli\u011fi olarak g\u00f6r\u00fcyoruz&#8221;"},"content":{"rendered":"<p>MHP Menemen \u0130l\u00e7e Ba\u015fkanl\u0131\u011f\u0131 taraf\u0131ndan d\u00fczenlenen iftar program\u0131na kat\u0131ld\u0131. Pehlivan, &#8220;Biz Cumhur \u0130ttifak\u0131\u2019n\u0131 devletimizin bekas\u0131, milletimizin birli\u011fi, \u015fehirlerimizin kalk\u0131nmas\u0131, hizmet siyasetinin g\u00fc\u00e7lenmesi olarak g\u00f6r\u00fcyoruz.&#8221; dedi.<br \/>\n<br \/>Menemen Belediyesi Tepe Sosyal Tesisleri\u2019nde d\u00fczenlenen iftar program\u0131na Menemen Belediye Ba\u015fkan\u0131 Ayd\u0131n Pehlivan, MHP \u0130zmir \u0130l Ba\u015fkan\u0131 Veysel \u015eahin, MHP Menemen \u0130l\u00e7e Ba\u015fkan\u0131 Barbaros \u00c7al\u0131\u015f\u00e7\u0131, AK Parti Menemen \u0130l\u00e7e Ba\u015fkan\u0131 Hakk\u0131 Durmaz, kamu kurumlar\u0131 ve sivil toplum kurulu\u015flar\u0131n\u0131n ba\u015fkan ve y\u00f6neticileri, belediye meclis \u00fcyeleri ve \u00e7ok say\u0131da vatanda\u015f kat\u0131ld\u0131.<\/p>\n<p>&#8220;Bin y\u0131ll\u0131k bir medeniyetin miras\u00e7\u0131s\u0131y\u0131z&#8221;<br \/>\n<br \/>\u0130ftarda a\u00e7\u0131l\u0131\u015f konu\u015fmas\u0131n\u0131 MHP Menemen \u0130l\u00e7e Ba\u015fkan\u0131 Barbaros \u00c7al\u0131\u015f\u00e7\u0131 &#8220;Bu sofrada sadece ekme\u011fimizi de\u011fil, karde\u015fli\u011fimizi, dayan\u0131\u015fmay\u0131 ve ortak de\u011ferlerimizi de payla\u015f\u0131yoruz. Milletimiz tarih boyunca zor zamanlar\u0131 da dayan\u0131\u015fmayla a\u015fm\u0131\u015ft\u0131r. Ramazan ay\u0131 da bu ruhu hat\u0131rlatan, toplumsal dayan\u0131\u015fmay\u0131 g\u00fc\u00e7lendiren bir ayd\u0131r. Bizim anlay\u0131\u015f\u0131m\u0131zda siyaset, millete hizmet etme yar\u0131\u015f\u0131d\u0131r. Makamlar gelip ge\u00e7ici ancak g\u00f6n\u00fcllerde b\u0131rak\u0131lan izler kal\u0131c\u0131d\u0131r. Bizler k\u00f6kl\u00fc bir medeniyetin evlatlar\u0131y\u0131z. Bu g\u00fczel ak\u015famda bizleri bir araya getiren Ramazan ay\u0131n\u0131n manevi atmosferinin \u00fclkemize, milletimize ve t\u00fcm \u0130slam alemine bar\u0131\u015f, huzur ve karde\u015flik getirmesini temenni ediyorum. Bizler bin y\u0131ll\u0131k bir medeniyetin, b\u00fcy\u00fck bir devlet gelene\u011finin ve kutlu bir tarihin miras\u00e7\u0131s\u0131y\u0131z. Bu miras\u0131 bize emanet eden ba\u015fta Gazi Mustafa Kemal Atat\u00fcrk olmak \u00fczere t\u00fcm \u015fehit ve gazilerimizi rahmet ve minnetle an\u0131yorum.&#8221; dedi.<\/p>\n<p>&#8220;Menemen\u2019deki ba\u015far\u0131n\u0131n ard\u0131nda g\u00fc\u00e7l\u00fc uyum ve sa\u011flam irade vard\u0131r&#8221;<br \/>\n<br \/>Menemen Belediye Ba\u015fkan\u0131 Ayd\u0131n Pehlivan da Cumhur \u0130ttifak\u0131\u2019n\u0131n sadece bir se\u00e7im ittifak\u0131 de\u011fil, milli birlik oldu\u011funa dikkat \u00e7ekti. Ba\u015fkan Pehlivan, &#8220;Bug\u00fcn hamdolsun bor\u00e7lar\u0131n\u0131 \u00f6deyen, yat\u0131r\u0131m yapan, sosyal belediyecili\u011fi g\u00fc\u00e7lendiren, hizmeti sahada hissedilen bir Menemen Belediyesi var. Bu ba\u015far\u0131 sadece bir ki\u015finin de\u011fil, bu ba\u015far\u0131 te\u015fkilat\u0131n inanc\u0131n\u0131n, sahadaki eme\u011fin ve dava \u015fuuru ile \u00e7al\u0131\u015fan kadrolar\u0131n ba\u015far\u0131s\u0131d\u0131r. Cumhur \u0130ttifak\u0131\u2019n\u0131n ba\u015far\u0131s\u0131d\u0131r. Bu vesileyle \u00f6zellikle ifade etmek isterim ki; bug\u00fcn ortaya koydu\u011fumuz bu hizmet anlay\u0131\u015f\u0131n\u0131n, bu g\u00fc\u00e7l\u00fc iradenin ve bu uyumlu \u00e7al\u0131\u015fma k\u00fclt\u00fcr\u00fcn\u00fcn arkas\u0131nda Cumhur \u0130ttifak\u0131\u2019n\u0131n iki k\u0131ymetli liderinin ortaya koydu\u011fu b\u00fcy\u00fck devlet vizyonu vard\u0131r. Milliyet\u00e7i Hareket Partisi Genel Ba\u015fkan\u0131m\u0131z Say\u0131n Devlet Bah\u00e7eli\u2019nin milletin bekas\u0131n\u0131 her \u015feyin \u00fcst\u00fcnde tutan sars\u0131lmaz duru\u015fu; Cumhurba\u015fkan\u0131m\u0131z ve AK Parti Genel Ba\u015fkan\u0131m\u0131z Say\u0131n Recep Tayyip Erdo\u011fan\u2019\u0131n eser ve hizmet siyasetiyle T\u00fcrkiye\u2019ye kazand\u0131rd\u0131\u011f\u0131 b\u00fcy\u00fck belediyecilik tecr\u00fcbesi bizlere yol g\u00f6stermektedir. Say\u0131n Cumhurba\u015fkan\u0131m\u0131z\u0131n \u015fehirleri aya\u011fa kald\u0131ran, yerel y\u00f6netimleri kalk\u0131nman\u0131n lokomotifi haline getiren vizyonu sayesinde bug\u00fcn Menemen\u2019de borcunu \u00f6deyen, yat\u0131r\u0131m yapan, sosyal belediyecili\u011fi b\u00fcy\u00fcten bir anlay\u0131\u015f h\u00e2kimdir. Bizler Cumhur \u0130ttifak\u0131\u2019n\u0131n ortaya koydu\u011fu bu y\u00fcksek sorumluluk bilinciyle, liderlerimizin \u00e7izdi\u011fi istikamet do\u011frultusunda, devlete sadakatle, millete hizmet a\u015fk\u0131yla \u00e7al\u0131\u015fmaya devam ediyoruz. Rabbim birliklerini daim eylesin, ba\u015f\u0131m\u0131zdan eksik etmesin. Biz Cumhur \u0130ttifak\u0131\u2019n\u0131 sadece bir se\u00e7im ittifak\u0131 olarak g\u00f6rm\u00fcyoruz. Biz Cumhur \u0130ttifak\u0131\u2019n\u0131; devletimizin bekas\u0131, milletimizin birli\u011fi, \u015fehirlerimizin kalk\u0131nmas\u0131, hizmet siyasetinin g\u00fc\u00e7lenmesi olarak g\u00f6r\u00fcyoruz. Bug\u00fcn T\u00fcrkiye B\u00fcy\u00fck Millet Meclisi\u2019nde oldu\u011fu gibi, yerel meclislerimizde de ayn\u0131 anlay\u0131\u015fla, ayn\u0131 sorumlulukla, ayn\u0131 hedef do\u011frultusunda birlikte yol y\u00fcr\u00fcyoruz. Bu birliktelik; milletin menfaatini her \u015feyin \u00fcst\u00fcnde tutan bir anlay\u0131\u015f\u0131n birlikteli\u011fidir. Menemen\u2019de ortaya \u00e7\u0131kan hizmet ba\u015far\u0131s\u0131n\u0131n arkas\u0131nda da bu g\u00fc\u00e7l\u00fc uyum ve bu sa\u011flam irade vard\u0131r.&#8221; diye konu\u015ftu.<\/p>\n<p>&#8220;T\u00fcrkiye sadece bir devlet de\u011fil, mazlumlar\u0131n umududur&#8221;<br \/>\n<br \/>MHP \u0130zmir \u0130l Ba\u015fkan\u0131 Veysel \u015eahin ise konu\u015fmas\u0131na Menemen Belediye Ba\u015fkan\u0131 Ayd\u0131n Pehlivan\u2019a ithafen, &#8220;Biz senden raz\u0131y\u0131z, Allah da raz\u0131 olsun.&#8221; s\u00f6zleriyle ba\u015flad\u0131. \u015eahin, &#8220;M\u00fcbarek Ramazan ay\u0131n\u0131n t\u00fcm insanl\u0131\u011fa hay\u0131rlar getirmesini diliyorum. \u0130ftar sofralar\u0131 sadece yemek sofralar\u0131 de\u011fil, karde\u015fli\u011fin peki\u015fti\u011fi sofralard\u0131r. Ramazan, millet olma \u015fuurunun en g\u00fc\u00e7l\u00fc \u015fekilde hissedildi\u011fi ayd\u0131r. Bug\u00fcn ayn\u0131 zamanda D\u00fcnya Kad\u0131nlar G\u00fcn\u00fc fakat bu m\u00fcbarek ayda kad\u0131nlar, \u00e7ocuklar ve M\u00fcsl\u00fcmanlar \u00f6ld\u00fcr\u00fcl\u00fcyor. Ramazan ay\u0131nda t\u00fcm \u0130slam co\u011frafyas\u0131 tedirgin. Bu durumda bize d\u00fc\u015fen g\u00fc\u00e7l\u00fc olmak de\u011fil, \u00e7ok g\u00fc\u00e7l\u00fc olmakt\u0131r. G\u00fc\u00e7 ise sadece ekonomiyle silahla gelmez. As\u0131l g\u00fc\u00e7, istiklal ve istikbale y\u00fcrekten ba\u011fl\u0131 olmakt\u0131r. Bug\u00fcn uluslararas\u0131 hukuk ayaklar alt\u0131ndad\u0131r. \u0130nsan haklar\u0131 hi\u00e7e say\u0131lmaktad\u0131r. Adalet g\u00fc\u00e7l\u00fc olan\u0131n \u00e7\u0131kar\u0131na g\u00f6re e\u011fip b\u00fck\u00fclmektedir. As\u0131l hedef M\u00fcsl\u00fcman\u0131 M\u00fcsl\u00fcmana k\u0131rd\u0131rarak bir \u00e7at\u0131\u015fma zinciri kurmakt\u0131r. \u0130\u015fte b\u00f6yle bir d\u00f6nemde Genel Ba\u015fkan\u0131m\u0131z Devlet Bah\u00e7eli\u2019nin \u2019Ter\u00f6r bitsin de vars\u0131n boynuma ip at\u0131ls\u0131n!\u2019 hayk\u0131r\u0131\u015f\u0131, i\u00e7 cephemizin sa\u011flam, birlik ve karde\u015fli\u011fimizin ne kadar \u00f6nemli oldu\u011funu g\u00f6steren hayati bir uyar\u0131d\u0131r. \u00c7\u00fcnk\u00fc T\u00fcrkiye sadece bir devlet de\u011fil, mazlumlar\u0131n umudu ve g\u00f6n\u00fcl co\u011frafyam\u0131z\u0131n teminat\u0131d\u0131r. Unutmayal\u0131m, biz bin y\u0131ld\u0131r ayn\u0131 k\u0131ble ve kaderi payla\u015fan b\u00fcy\u00fck bir milletiz. Bu m\u00fcbarek gecede niyaz\u0131m odur ki, birli\u011fimiz daim, karde\u015fli\u011fimiz baki, sofram\u0131z bereketli, g\u00f6n\u00fcllerimiz huzurlu olsun.&#8221; dedi.<br \/><\/p>\n","protected":false},"excerpt":{"rendered":"<p>MHP Menemen \u0130l\u00e7e Ba\u015fkanl\u0131\u011f\u0131 taraf\u0131ndan d\u00fczenlenen iftar program\u0131na kat\u0131ld\u0131. Pehlivan, &#8220;Biz Cumhur \u0130ttifak\u0131\u2019n\u0131 devletimizin bekas\u0131, milletimizin birli\u011fi, \u015fehirlerimizin kalk\u0131nmas\u0131, hizmet siyasetinin g\u00fc\u00e7lenmesi olarak g\u00f6r\u00fcyoruz.&#8221; dedi. Menemen Belediyesi Tepe Sosyal Tesisleri\u2019nde d\u00fczenlenen iftar program\u0131na Menemen Belediye Ba\u015fkan\u0131 Ayd\u0131n Pehlivan, MHP \u0130zmir \u0130l Ba\u015fkan\u0131 Veysel \u015eahin, MHP Menemen \u0130l\u00e7e Ba\u015fkan\u0131 Barbaros \u00c7al\u0131\u015f\u00e7\u0131, AK Parti Menemen \u0130l\u00e7e Ba\u015fkan\u0131&#8230;<\/p>\n","protected":false},"author":1,"featured_media":92929,"comment_status":"open","ping_status":"open","sticky":false,"template":"","format":"standard","meta":{"_crdt_document":"","footnotes":""},"categories":[1],"tags":[],"class_list":["post-92928","post","type-post","status-publish","format-standard","has-post-thumbnail","hentry","category-guncel"],"_links":{"self":[{"href":"https:\/\/www.egemtv.com\/index.php?rest_route=\/wp\/v2\/posts\/92928","targetHints":{"allow":["GET"]}}],"collection":[{"href":"https:\/\/www.egemtv.com\/index.php?rest_route=\/wp\/v2\/posts"}],"about":[{"href":"https:\/\/www.egemtv.com\/index.php?rest_route=\/wp\/v2\/types\/post"}],"author":[{"embeddable":true,"href":"https:\/\/www.egemtv.com\/index.php?rest_route=\/wp\/v2\/users\/1"}],"replies":[{"embeddable":true,"href":"https:\/\/www.egemtv.com\/index.php?rest_route=%2Fwp%2Fv2%2Fcomments&post=92928"}],"version-history":[{"count":1,"href":"https:\/\/www.egemtv.com\/index.php?rest_route=\/wp\/v2\/posts\/92928\/revisions"}],"predecessor-version":[{"id":92930,"href":"https:\/\/www.egemtv.com\/index.php?rest_route=\/wp\/v2\/posts\/92928\/revisions\/92930"}],"wp:featuredmedia":[{"embeddable":true,"href":"https:\/\/www.egemtv.com\/index.php?rest_route=\/wp\/v2\/media\/92929"}],"wp:attachment":[{"href":"https:\/\/www.egemtv.com\/index.php?rest_route=%2Fwp%2Fv2%2Fmedia&parent=92928"}],"wp:term":[{"taxonomy":"category","embeddable":true,"href":"https:\/\/www.egemtv.com\/index.php?rest_route=%2Fwp%2Fv2%2Fcategories&post=92928"},{"taxonomy":"post_tag","embeddable":true,"href":"https:\/\/www.egemtv.com\/index.php?rest_route=%2Fwp%2Fv2%2Ftags&post=92928"}],"curies":[{"name":"wp","href":"https:\/\/api.w.org\/{rel}","templated":true}]}}