{"id":92924,"date":"2026-03-09T11:54:41","date_gmt":"2026-03-09T08:54:41","guid":{"rendered":"https:\/\/www.egemtv.com\/?p=92924"},"modified":"2026-03-09T11:54:42","modified_gmt":"2026-03-09T08:54:42","slug":"dalaman-belediyesinden-genc-aricilara-kovan-destegi","status":"publish","type":"post","link":"https:\/\/www.egemtv.com\/?p=92924","title":{"rendered":"Dalaman Belediyesi\u2019nden gen\u00e7 ar\u0131c\u0131lara kovan deste\u011fi"},"content":{"rendered":"<p>Mu\u011fla\u2019n\u0131n Dalaman il\u00e7esinde Dalaman Belediyesi ile Dalaman Ziraat Odas\u0131 i\u015f birli\u011finde y\u00fcr\u00fct\u00fclen proje kapsam\u0131nda 40 ya\u015f alt\u0131 gen\u00e7 giri\u015fimcilere ki\u015fi ba\u015f\u0131 15 adet ar\u0131 kovan\u0131 \u00fccretsiz olarak da\u011f\u0131t\u0131ld\u0131.<\/p>\n<p>D\u00fczenlenen programa Dalaman Belediye Ba\u015fkan\u0131 Sezer Durmu\u015f, Belediye Ba\u015fkan Yard\u0131mc\u0131s\u0131 \u0130lhan Kural, CHP Dalaman \u0130l\u00e7e Ba\u015fkan\u0131 Bilal Sar\u0131han, Dalaman Ziraat Odas\u0131 Ba\u015fkan\u0131 Ayd\u0131n \u00c7epel, \u0130l\u00e7e Tar\u0131m M\u00fcd\u00fcr\u00fc Mehmet \u0130dar, belediye meclis \u00fcyeleri ve ar\u0131c\u0131lar kat\u0131ld\u0131. Programda konu\u015fan yetkililer, projenin gen\u00e7lerin \u00fcretime kat\u0131lmas\u0131n\u0131 te\u015fvik etmek ve b\u00f6lgede ar\u0131c\u0131l\u0131\u011f\u0131 geli\u015ftirmek amac\u0131yla hayata ge\u00e7irildi\u011fini belirtti. Dalaman Belediyesi ayr\u0131ca \u00fcreticilere fide, fidan ve tar\u0131msal ekipman deste\u011fi sa\u011flamaya devam edeceklerini a\u00e7\u0131klad\u0131. Konu\u015fmalar\u0131n ard\u0131ndan ar\u0131 kovanlar\u0131 gen\u00e7 giri\u015fimcilere teslim edildi ve projeye katk\u0131 sunan personele te\u015fekk\u00fcr plaketi verildi.<br \/><\/p>\n","protected":false},"excerpt":{"rendered":"<p>Mu\u011fla\u2019n\u0131n Dalaman il\u00e7esinde Dalaman Belediyesi ile Dalaman Ziraat Odas\u0131 i\u015f birli\u011finde y\u00fcr\u00fct\u00fclen proje kapsam\u0131nda 40 ya\u015f alt\u0131 gen\u00e7 giri\u015fimcilere ki\u015fi ba\u015f\u0131 15 adet ar\u0131 kovan\u0131 \u00fccretsiz olarak da\u011f\u0131t\u0131ld\u0131. D\u00fczenlenen programa Dalaman Belediye Ba\u015fkan\u0131 Sezer Durmu\u015f, Belediye Ba\u015fkan Yard\u0131mc\u0131s\u0131 \u0130lhan Kural, CHP Dalaman \u0130l\u00e7e Ba\u015fkan\u0131 Bilal Sar\u0131han, Dalaman Ziraat Odas\u0131 Ba\u015fkan\u0131 Ayd\u0131n \u00c7epel, \u0130l\u00e7e Tar\u0131m M\u00fcd\u00fcr\u00fc&#8230;<\/p>\n","protected":false},"author":1,"featured_media":92925,"comment_status":"open","ping_status":"open","sticky":false,"template":"","format":"standard","meta":{"_crdt_document":"","footnotes":""},"categories":[1],"tags":[],"class_list":["post-92924","post","type-post","status-publish","format-standard","has-post-thumbnail","hentry","category-guncel"],"_links":{"self":[{"href":"https:\/\/www.egemtv.com\/index.php?rest_route=\/wp\/v2\/posts\/92924","targetHints":{"allow":["GET"]}}],"collection":[{"href":"https:\/\/www.egemtv.com\/index.php?rest_route=\/wp\/v2\/posts"}],"about":[{"href":"https:\/\/www.egemtv.com\/index.php?rest_route=\/wp\/v2\/types\/post"}],"author":[{"embeddable":true,"href":"https:\/\/www.egemtv.com\/index.php?rest_route=\/wp\/v2\/users\/1"}],"replies":[{"embeddable":true,"href":"https:\/\/www.egemtv.com\/index.php?rest_route=%2Fwp%2Fv2%2Fcomments&post=92924"}],"version-history":[{"count":1,"href":"https:\/\/www.egemtv.com\/index.php?rest_route=\/wp\/v2\/posts\/92924\/revisions"}],"predecessor-version":[{"id":92926,"href":"https:\/\/www.egemtv.com\/index.php?rest_route=\/wp\/v2\/posts\/92924\/revisions\/92926"}],"wp:featuredmedia":[{"embeddable":true,"href":"https:\/\/www.egemtv.com\/index.php?rest_route=\/wp\/v2\/media\/92925"}],"wp:attachment":[{"href":"https:\/\/www.egemtv.com\/index.php?rest_route=%2Fwp%2Fv2%2Fmedia&parent=92924"}],"wp:term":[{"taxonomy":"category","embeddable":true,"href":"https:\/\/www.egemtv.com\/index.php?rest_route=%2Fwp%2Fv2%2Fcategories&post=92924"},{"taxonomy":"post_tag","embeddable":true,"href":"https:\/\/www.egemtv.com\/index.php?rest_route=%2Fwp%2Fv2%2Ftags&post=92924"}],"curies":[{"name":"wp","href":"https:\/\/api.w.org\/{rel}","templated":true}]}}