{"id":92896,"date":"2026-03-09T11:15:04","date_gmt":"2026-03-09T08:15:04","guid":{"rendered":"https:\/\/www.egemtv.com\/?p=92896"},"modified":"2026-03-09T11:15:06","modified_gmt":"2026-03-09T08:15:06","slug":"nazillinin-50-yillik-iyi-su-hatti-yenilendi","status":"publish","type":"post","link":"https:\/\/www.egemtv.com\/?p=92896","title":{"rendered":"Nazilli\u2019nin 50 y\u0131ll\u0131k iyi su hatt\u0131 yenilendi"},"content":{"rendered":"<p>Nazilli Belediyesi, Fen \u0130\u015fleri M\u00fcd\u00fcrl\u00fc\u011f\u00fc ekipleri Koca Cami b\u00f6lgesindeki yakla\u015f\u0131k 50 y\u0131ll\u0131k iyi su hatt\u0131n\u0131 tamamen yeniledi.<\/p>\n<p>Ekipler, Zafer Mahallesi Albay \u0130brahim Karao\u011flano\u011flu Caddesi ile H\u00fcrriyet Caddesi aras\u0131nda bulunan 107 Sokak\u2019\u0131n tamam\u0131nda, ayr\u0131ca Zafer Mahallesi 107 Sokak k\u00f6\u015fesinden Alt\u0131nta\u015f Mahallesi 107 Sokak aras\u0131nda kalan H\u00fcrriyet Caddesi ile Alt\u0131nta\u015f Mahallesi H\u00fcrriyet Caddesi aras\u0131nda bulunan 107 Sokak b\u00f6lgesinde iyi su hatt\u0131n\u0131 ba\u015ftan sona yeniledi. Yap\u0131lan \u00e7al\u0131\u015fmalar kapsam\u0131nda eski ve kullan\u0131m \u00f6mr\u00fcn\u00fc tamamlam\u0131\u015f borular s\u00f6k\u00fclerek yerine modern, antibakteriyel, antimikrobiyal \u00f6zelliklere sahip, 63 mm \u00e7ap\u0131nda ve 16 at\u00fc HDPE borular d\u00f6\u015fendi. Yakla\u015f\u0131k yar\u0131m as\u0131rl\u0131k altyap\u0131n\u0131n yenilenmesiyle birlikte b\u00f6lgedeki iyi su hatt\u0131 yeniden aktif hale getirildi. Vatanda\u015flar\u0131n sa\u011fl\u0131kl\u0131 ve g\u00fcvenli iyi suya ula\u015fmas\u0131n\u0131n belediyenin \u00f6ncelikleri aras\u0131nda yer ald\u0131\u011f\u0131n\u0131 belirten Nazilli Belediye Ba\u015fkan\u0131 Dr. Ba\u015fkan Tetik, halk sa\u011fl\u0131\u011f\u0131n\u0131 riske atmamak ad\u0131na altyap\u0131 yenileme \u00e7al\u0131\u015fmalar\u0131na b\u00fcy\u00fck \u00f6nem verdiklerini ve il\u00e7enin farkl\u0131 noktalar\u0131nda benzer \u00e7al\u0131\u015fmalar\u0131n s\u00fcrd\u00fcr\u00fclece\u011fini ifade etti.<\/p>\n<p>\u00c7al\u0131\u015fmalar\u0131ndan dolay\u0131 Nazilli Belediyesi\u2019ne te\u015fekk\u00fcr eden mahalle sakinleri, uzun y\u0131llard\u0131r kullan\u0131lan eski hat nedeniyle zaman zaman ya\u015fanan su kesintileri ve ar\u0131zalar\u0131n bu \u00e7al\u0131\u015fma sayesinde sona erece\u011fini belirterek yap\u0131lan yenilemeden duyduklar\u0131 memnuniyeti dile getirdi. B\u00f6lge sakinleri, altyap\u0131n\u0131n modern borularla yenilenmesinin hem su kalitesini art\u0131raca\u011f\u0131n\u0131 hem de muhtemel ar\u0131zalar\u0131n \u00f6n\u00fcne ge\u00e7ece\u011fini ifade ederek eme\u011fi ge\u00e7en t\u00fcm belediye ekiplerine te\u015fekk\u00fcr etti.<br \/><\/p>\n","protected":false},"excerpt":{"rendered":"<p>Nazilli Belediyesi, Fen \u0130\u015fleri M\u00fcd\u00fcrl\u00fc\u011f\u00fc ekipleri Koca Cami b\u00f6lgesindeki yakla\u015f\u0131k 50 y\u0131ll\u0131k iyi su hatt\u0131n\u0131 tamamen yeniledi. Ekipler, Zafer Mahallesi Albay \u0130brahim Karao\u011flano\u011flu Caddesi ile H\u00fcrriyet Caddesi aras\u0131nda bulunan 107 Sokak\u2019\u0131n tamam\u0131nda, ayr\u0131ca Zafer Mahallesi 107 Sokak k\u00f6\u015fesinden Alt\u0131nta\u015f Mahallesi 107 Sokak aras\u0131nda kalan H\u00fcrriyet Caddesi ile Alt\u0131nta\u015f Mahallesi H\u00fcrriyet Caddesi aras\u0131nda bulunan 107 Sokak&#8230;<\/p>\n","protected":false},"author":1,"featured_media":92897,"comment_status":"open","ping_status":"open","sticky":false,"template":"","format":"standard","meta":{"_crdt_document":"","footnotes":""},"categories":[1],"tags":[],"class_list":["post-92896","post","type-post","status-publish","format-standard","has-post-thumbnail","hentry","category-guncel"],"_links":{"self":[{"href":"https:\/\/www.egemtv.com\/index.php?rest_route=\/wp\/v2\/posts\/92896","targetHints":{"allow":["GET"]}}],"collection":[{"href":"https:\/\/www.egemtv.com\/index.php?rest_route=\/wp\/v2\/posts"}],"about":[{"href":"https:\/\/www.egemtv.com\/index.php?rest_route=\/wp\/v2\/types\/post"}],"author":[{"embeddable":true,"href":"https:\/\/www.egemtv.com\/index.php?rest_route=\/wp\/v2\/users\/1"}],"replies":[{"embeddable":true,"href":"https:\/\/www.egemtv.com\/index.php?rest_route=%2Fwp%2Fv2%2Fcomments&post=92896"}],"version-history":[{"count":1,"href":"https:\/\/www.egemtv.com\/index.php?rest_route=\/wp\/v2\/posts\/92896\/revisions"}],"predecessor-version":[{"id":92898,"href":"https:\/\/www.egemtv.com\/index.php?rest_route=\/wp\/v2\/posts\/92896\/revisions\/92898"}],"wp:featuredmedia":[{"embeddable":true,"href":"https:\/\/www.egemtv.com\/index.php?rest_route=\/wp\/v2\/media\/92897"}],"wp:attachment":[{"href":"https:\/\/www.egemtv.com\/index.php?rest_route=%2Fwp%2Fv2%2Fmedia&parent=92896"}],"wp:term":[{"taxonomy":"category","embeddable":true,"href":"https:\/\/www.egemtv.com\/index.php?rest_route=%2Fwp%2Fv2%2Fcategories&post=92896"},{"taxonomy":"post_tag","embeddable":true,"href":"https:\/\/www.egemtv.com\/index.php?rest_route=%2Fwp%2Fv2%2Ftags&post=92896"}],"curies":[{"name":"wp","href":"https:\/\/api.w.org\/{rel}","templated":true}]}}