{"id":92893,"date":"2026-03-09T11:15:03","date_gmt":"2026-03-09T08:15:03","guid":{"rendered":"https:\/\/www.egemtv.com\/?p=92893"},"modified":"2026-03-09T11:15:04","modified_gmt":"2026-03-09T08:15:04","slug":"sultanhisarda-mustakil-ev-alevlere-teslim-oldu","status":"publish","type":"post","link":"https:\/\/www.egemtv.com\/?p=92893","title":{"rendered":"Sultanhisar\u2019da m\u00fcstakil ev alevlere teslim oldu"},"content":{"rendered":"<p>Ayd\u0131n\u2019\u0131n Sultanhisar il\u00e7esinde gece saatlerinde \u00e7\u0131kan yang\u0131nda bir ev alevlere teslim olarak kullan\u0131lmaz hale geldi.<br \/>\n<br \/>Yang\u0131n gece saatlerinde Rekmez Mahallesi\u2019nde m\u00fcstakil bir evde meydana geldi. Edinilen bilgiye g\u00f6re, evden dumanlar\u0131n y\u00fckseldi\u011fini g\u00f6ren mahalle sakinlerinin ihbar\u0131 \u00fczerine b\u00f6lgeye Ayd\u0131n B\u00fcy\u00fck\u015fehir Belediyesi \u0130tfaiye ekipleri sevk edildi. Olay yerine k\u0131sa s\u00fcrede gelen itfaiye ekipleri alevlere m\u00fcdahale ederek s\u00f6nd\u00fcrd\u00fc. Yang\u0131nda herhangi bir can kayb\u0131 ya\u015fanmazken, m\u00fcstakil evde b\u00fcy\u00fck \u00e7apta maddi hasar meydana geldi.<br \/><\/p>\n","protected":false},"excerpt":{"rendered":"<p>Ayd\u0131n\u2019\u0131n Sultanhisar il\u00e7esinde gece saatlerinde \u00e7\u0131kan yang\u0131nda bir ev alevlere teslim olarak kullan\u0131lmaz hale geldi. Yang\u0131n gece saatlerinde Rekmez Mahallesi\u2019nde m\u00fcstakil bir evde meydana geldi. Edinilen bilgiye g\u00f6re, evden dumanlar\u0131n y\u00fckseldi\u011fini g\u00f6ren mahalle sakinlerinin ihbar\u0131 \u00fczerine b\u00f6lgeye Ayd\u0131n B\u00fcy\u00fck\u015fehir Belediyesi \u0130tfaiye ekipleri sevk edildi. Olay yerine k\u0131sa s\u00fcrede gelen itfaiye ekipleri alevlere m\u00fcdahale ederek s\u00f6nd\u00fcrd\u00fc&#8230;.<\/p>\n","protected":false},"author":1,"featured_media":92894,"comment_status":"open","ping_status":"open","sticky":false,"template":"","format":"standard","meta":{"_crdt_document":"","footnotes":""},"categories":[5],"tags":[],"class_list":["post-92893","post","type-post","status-publish","format-standard","has-post-thumbnail","hentry","category-asayis"],"_links":{"self":[{"href":"https:\/\/www.egemtv.com\/index.php?rest_route=\/wp\/v2\/posts\/92893","targetHints":{"allow":["GET"]}}],"collection":[{"href":"https:\/\/www.egemtv.com\/index.php?rest_route=\/wp\/v2\/posts"}],"about":[{"href":"https:\/\/www.egemtv.com\/index.php?rest_route=\/wp\/v2\/types\/post"}],"author":[{"embeddable":true,"href":"https:\/\/www.egemtv.com\/index.php?rest_route=\/wp\/v2\/users\/1"}],"replies":[{"embeddable":true,"href":"https:\/\/www.egemtv.com\/index.php?rest_route=%2Fwp%2Fv2%2Fcomments&post=92893"}],"version-history":[{"count":1,"href":"https:\/\/www.egemtv.com\/index.php?rest_route=\/wp\/v2\/posts\/92893\/revisions"}],"predecessor-version":[{"id":92895,"href":"https:\/\/www.egemtv.com\/index.php?rest_route=\/wp\/v2\/posts\/92893\/revisions\/92895"}],"wp:featuredmedia":[{"embeddable":true,"href":"https:\/\/www.egemtv.com\/index.php?rest_route=\/wp\/v2\/media\/92894"}],"wp:attachment":[{"href":"https:\/\/www.egemtv.com\/index.php?rest_route=%2Fwp%2Fv2%2Fmedia&parent=92893"}],"wp:term":[{"taxonomy":"category","embeddable":true,"href":"https:\/\/www.egemtv.com\/index.php?rest_route=%2Fwp%2Fv2%2Fcategories&post=92893"},{"taxonomy":"post_tag","embeddable":true,"href":"https:\/\/www.egemtv.com\/index.php?rest_route=%2Fwp%2Fv2%2Ftags&post=92893"}],"curies":[{"name":"wp","href":"https:\/\/api.w.org\/{rel}","templated":true}]}}