{"id":92890,"date":"2026-03-09T11:15:01","date_gmt":"2026-03-09T08:15:01","guid":{"rendered":"https:\/\/www.egemtv.com\/?p=92890"},"modified":"2026-03-09T11:15:02","modified_gmt":"2026-03-09T08:15:02","slug":"ege-universitesi-izmirde-1inci-ege-bolgesinde-2nci-sirada-yer-aldi","status":"publish","type":"post","link":"https:\/\/www.egemtv.com\/?p=92890","title":{"rendered":"Ege \u00dcniversitesi, \u0130zmir\u2019de 1\u2019inci Ege B\u00f6lgesi\u2019nde 2\u2019nci s\u0131rada yer ald\u0131"},"content":{"rendered":"<p>Gen\u00e7lik ve Spor Bakanl\u0131\u011f\u0131 taraf\u0131ndan \u00fcniversite \u00f6\u011frenci topluluklar\u0131n\u0131n projelerine destek sa\u011flamak amac\u0131yla hayata ge\u00e7irilen \u00dcniversite \u00d6\u011frenci Topluluklar\u0131 \u0130\u015f Birli\u011fi ve Destek Program\u0131 (\u00dcN\u0130DES) 6. d\u00f6nem ba\u015fvuru sonu\u00e7lar\u0131 a\u00e7\u0131kland\u0131. Ege \u00dcniversitesi (E\u00dc) \u00f6\u011frenci topluluklar\u0131n\u0131n 17 projesi desteklenmeye hak kazand\u0131. E\u00dc, bu sonu\u00e7la en \u00e7ok projesi kabul edilen \u0130zmir\u2019de birinci Ege B\u00f6lgesi\u2019nde ikinci \u00fcniversite oldu.<br \/>\n<br \/>Ege \u00dcniversitesi Rekt\u00f6r\u00fc Prof. Dr. Musa Alc\u0131, &#8220;\u00dcniversitemiz \u00f6\u011frencileri \u00fcretmeye, fikirlerini topluma katk\u0131 ve sosyal sorumluluk bilinci ile projelere d\u00f6n\u00fc\u015ft\u00fcrmeye devam ediyorlar. Gen\u00e7lik ve Spor Bakanl\u0131\u011f\u0131 Gen\u00e7lik Hizmetleri Genel M\u00fcd\u00fcrl\u00fc\u011f\u00fc taraf\u0131ndan y\u00fcr\u00fct\u00fclen \u00dcN\u0130DES program kapsam\u0131nda \u00fcniversitemiz b\u00fcnyesinde faaliyet g\u00f6steren 17 farkl\u0131 \u00f6\u011frenci kul\u00fcb\u00fc, sunduklar\u0131 projelerle destek almaya hak kazanarak \u00f6nemli bir ba\u015far\u0131ya daha imza att\u0131. \u00d6\u011frenci topluluklar\u0131m\u0131z\u0131n topluma katk\u0131 ve sosyal sorumluluk bilinciyle nitelikli projeler haz\u0131rlamalar\u0131ndan duydu\u011fum mutlulu\u011fu ifade etmek isterim. \u00c7ok \u00f6nemli ve anlaml\u0131 g\u00f6rd\u00fc\u011f\u00fcm bu ba\u015far\u0131da eme\u011fi ge\u00e7en t\u00fcm \u00f6\u011frencilerimizi ve dan\u0131\u015fman akademisyenlerimizi tebrik ediyorum. Ege \u00dcniversitesi olarak \u00f6\u011frencilerimizin fikirlerini projeye d\u00f6n\u00fc\u015ft\u00fcrme s\u00fcre\u00e7lerinde yanlar\u0131nda olmaya devam edece\u011fiz&#8221; dedi.<br \/><\/p>\n","protected":false},"excerpt":{"rendered":"<p>Gen\u00e7lik ve Spor Bakanl\u0131\u011f\u0131 taraf\u0131ndan \u00fcniversite \u00f6\u011frenci topluluklar\u0131n\u0131n projelerine destek sa\u011flamak amac\u0131yla hayata ge\u00e7irilen \u00dcniversite \u00d6\u011frenci Topluluklar\u0131 \u0130\u015f Birli\u011fi ve Destek Program\u0131 (\u00dcN\u0130DES) 6. d\u00f6nem ba\u015fvuru sonu\u00e7lar\u0131 a\u00e7\u0131kland\u0131. Ege \u00dcniversitesi (E\u00dc) \u00f6\u011frenci topluluklar\u0131n\u0131n 17 projesi desteklenmeye hak kazand\u0131. E\u00dc, bu sonu\u00e7la en \u00e7ok projesi kabul edilen \u0130zmir\u2019de birinci Ege B\u00f6lgesi\u2019nde ikinci \u00fcniversite oldu. Ege \u00dcniversitesi&#8230;<\/p>\n","protected":false},"author":1,"featured_media":92891,"comment_status":"open","ping_status":"open","sticky":false,"template":"","format":"standard","meta":{"_crdt_document":"","footnotes":""},"categories":[1],"tags":[],"class_list":["post-92890","post","type-post","status-publish","format-standard","has-post-thumbnail","hentry","category-guncel"],"_links":{"self":[{"href":"https:\/\/www.egemtv.com\/index.php?rest_route=\/wp\/v2\/posts\/92890","targetHints":{"allow":["GET"]}}],"collection":[{"href":"https:\/\/www.egemtv.com\/index.php?rest_route=\/wp\/v2\/posts"}],"about":[{"href":"https:\/\/www.egemtv.com\/index.php?rest_route=\/wp\/v2\/types\/post"}],"author":[{"embeddable":true,"href":"https:\/\/www.egemtv.com\/index.php?rest_route=\/wp\/v2\/users\/1"}],"replies":[{"embeddable":true,"href":"https:\/\/www.egemtv.com\/index.php?rest_route=%2Fwp%2Fv2%2Fcomments&post=92890"}],"version-history":[{"count":1,"href":"https:\/\/www.egemtv.com\/index.php?rest_route=\/wp\/v2\/posts\/92890\/revisions"}],"predecessor-version":[{"id":92892,"href":"https:\/\/www.egemtv.com\/index.php?rest_route=\/wp\/v2\/posts\/92890\/revisions\/92892"}],"wp:featuredmedia":[{"embeddable":true,"href":"https:\/\/www.egemtv.com\/index.php?rest_route=\/wp\/v2\/media\/92891"}],"wp:attachment":[{"href":"https:\/\/www.egemtv.com\/index.php?rest_route=%2Fwp%2Fv2%2Fmedia&parent=92890"}],"wp:term":[{"taxonomy":"category","embeddable":true,"href":"https:\/\/www.egemtv.com\/index.php?rest_route=%2Fwp%2Fv2%2Fcategories&post=92890"},{"taxonomy":"post_tag","embeddable":true,"href":"https:\/\/www.egemtv.com\/index.php?rest_route=%2Fwp%2Fv2%2Ftags&post=92890"}],"curies":[{"name":"wp","href":"https:\/\/api.w.org\/{rel}","templated":true}]}}