{"id":92887,"date":"2026-03-09T11:14:59","date_gmt":"2026-03-09T08:14:59","guid":{"rendered":"https:\/\/www.egemtv.com\/?p=92887"},"modified":"2026-03-09T11:15:01","modified_gmt":"2026-03-09T08:15:01","slug":"eber-golunden-sevindirici-haber-geldi","status":"publish","type":"post","link":"https:\/\/www.egemtv.com\/?p=92887","title":{"rendered":"Eber G\u00f6l\u00fc\u2019nden sevindirici haber geldi"},"content":{"rendered":"<p>T\u00fcrkiye\u2019nin en b\u00fcy\u00fck g\u00f6llerinden birisi olan ve son d\u00f6nemde kurakl\u0131ktan dolay\u0131 kuruma tehlikesinin ba\u015f g\u00f6sterdi\u011fi Eber G\u00f6l\u00fc\u2019nde son ya\u015fanan ya\u011f\u0131\u015flarla su seviyesinde art\u0131\u015f ya\u015fan\u0131rken, art\u0131\u015fla birlikte bir \u00e7ok \u00f6rdek ve ku\u015f t\u00fcr\u00fc de g\u00f6le d\u00f6nmeye ba\u015flad\u0131.<br \/>\n<br \/>Afyonkarahisar genelinde k\u0131\u015f mevsiminin ya\u011f\u0131\u015fl\u0131 ge\u00e7mesi Eber G\u00f6l\u00fc i\u00e7in adeta umut oldu. G\u00f6l\u00fcn havadan \u00e7ekilen g\u00f6r\u00fcnt\u00fcler su seviyesinin g\u00f6zle g\u00f6r\u00fcl\u00fcr \u015fekilde artt\u0131\u011f\u0131n\u0131 g\u00f6zler \u00f6n\u00fcne serdi.<br \/>\n<br \/>Eber G\u00f6l\u00fc Alan K\u0131lavuzu ve Rehberi Kadir Ate\u015f, \u0130hlas Haber Ajans\u0131 (\u0130HA) muhabirine a\u00e7\u0131klamada, g\u00f6l ile ilgili sevindirici haber verdi. Ya\u011f\u0131\u015flar\u0131n g\u00f6ldeki su seviyesini y\u00fczde 30 seviyelerine kadar artt\u0131rd\u0131\u011f\u0131n\u0131 dile getirdi. Ate\u015f, &#8220;Yap\u0131lan de\u011ferlendirmelere g\u00f6re son 20 y\u0131l\u0131n en fazla ya\u011f\u0131\u015flar\u0131n\u0131n al\u0131nd\u0131\u011f\u0131 bir d\u00f6nem ya\u015fand\u0131\u011f\u0131n\u0131 \u00f6\u011frendik. Eber G\u00f6l\u00fcndeki su seviyesi y\u00fczde 25-30 seviyesine ula\u015ft\u0131. \u00d6n\u00fcm\u00fczdeki d\u00f6nem ile birlikte g\u00f6ldeki su seviyelerinin y\u00fczde 40\u2019lara kadar ula\u015fmas\u0131n\u0131 bekliyoruz. \u0130n\u015fallah ya\u011f\u0131\u015flar artacak ve su seviyesi de bununla birlikte artacak. Su seviyesinin artmas\u0131 ile birlikte g\u00f6lde g\u00f6r\u00fclmeyen \u00f6rdek ba\u015fta olmak \u00fczere bir \u00e7ok ku\u015f t\u00fcr\u00fc tekrar g\u00f6le toplanmaya ba\u015flad\u0131&#8221; dedi.<br \/><\/p>\n","protected":false},"excerpt":{"rendered":"<p>T\u00fcrkiye\u2019nin en b\u00fcy\u00fck g\u00f6llerinden birisi olan ve son d\u00f6nemde kurakl\u0131ktan dolay\u0131 kuruma tehlikesinin ba\u015f g\u00f6sterdi\u011fi Eber G\u00f6l\u00fc\u2019nde son ya\u015fanan ya\u011f\u0131\u015flarla su seviyesinde art\u0131\u015f ya\u015fan\u0131rken, art\u0131\u015fla birlikte bir \u00e7ok \u00f6rdek ve ku\u015f t\u00fcr\u00fc de g\u00f6le d\u00f6nmeye ba\u015flad\u0131. Afyonkarahisar genelinde k\u0131\u015f mevsiminin ya\u011f\u0131\u015fl\u0131 ge\u00e7mesi Eber G\u00f6l\u00fc i\u00e7in adeta umut oldu. G\u00f6l\u00fcn havadan \u00e7ekilen g\u00f6r\u00fcnt\u00fcler su seviyesinin g\u00f6zle&#8230;<\/p>\n","protected":false},"author":1,"featured_media":92888,"comment_status":"open","ping_status":"open","sticky":false,"template":"","format":"standard","meta":{"_crdt_document":"","footnotes":""},"categories":[1],"tags":[],"class_list":["post-92887","post","type-post","status-publish","format-standard","has-post-thumbnail","hentry","category-guncel"],"_links":{"self":[{"href":"https:\/\/www.egemtv.com\/index.php?rest_route=\/wp\/v2\/posts\/92887","targetHints":{"allow":["GET"]}}],"collection":[{"href":"https:\/\/www.egemtv.com\/index.php?rest_route=\/wp\/v2\/posts"}],"about":[{"href":"https:\/\/www.egemtv.com\/index.php?rest_route=\/wp\/v2\/types\/post"}],"author":[{"embeddable":true,"href":"https:\/\/www.egemtv.com\/index.php?rest_route=\/wp\/v2\/users\/1"}],"replies":[{"embeddable":true,"href":"https:\/\/www.egemtv.com\/index.php?rest_route=%2Fwp%2Fv2%2Fcomments&post=92887"}],"version-history":[{"count":1,"href":"https:\/\/www.egemtv.com\/index.php?rest_route=\/wp\/v2\/posts\/92887\/revisions"}],"predecessor-version":[{"id":92889,"href":"https:\/\/www.egemtv.com\/index.php?rest_route=\/wp\/v2\/posts\/92887\/revisions\/92889"}],"wp:featuredmedia":[{"embeddable":true,"href":"https:\/\/www.egemtv.com\/index.php?rest_route=\/wp\/v2\/media\/92888"}],"wp:attachment":[{"href":"https:\/\/www.egemtv.com\/index.php?rest_route=%2Fwp%2Fv2%2Fmedia&parent=92887"}],"wp:term":[{"taxonomy":"category","embeddable":true,"href":"https:\/\/www.egemtv.com\/index.php?rest_route=%2Fwp%2Fv2%2Fcategories&post=92887"},{"taxonomy":"post_tag","embeddable":true,"href":"https:\/\/www.egemtv.com\/index.php?rest_route=%2Fwp%2Fv2%2Ftags&post=92887"}],"curies":[{"name":"wp","href":"https:\/\/api.w.org\/{rel}","templated":true}]}}