{"id":92884,"date":"2026-03-09T11:14:58","date_gmt":"2026-03-09T08:14:58","guid":{"rendered":"https:\/\/www.egemtv.com\/?p=92884"},"modified":"2026-03-09T11:14:59","modified_gmt":"2026-03-09T08:14:59","slug":"cocuklar-bu-projeyle-teravihe-kosuyor","status":"publish","type":"post","link":"https:\/\/www.egemtv.com\/?p=92884","title":{"rendered":"\u00c7ocuklar bu projeyle teravihe ko\u015fuyor"},"content":{"rendered":"<p>Afyonkarahisar\u2019\u0131n Sultanda\u011f\u0131 il\u00e7esinde Ramazan ay\u0131n\u0131n manevi atmosferi, \u00f6rnek bir uygulamayla farkl\u0131 bir boyut kazand\u0131.<br \/>\n<br \/>\u0130l\u00e7edeki \u0130shakl\u0131 Camii\u2019nde imam Adem \u00c7elik \u00f6nc\u00fcl\u00fc\u011f\u00fcnde hayata ge\u00e7irilen &#8220;Cami Marketi&#8221; \u00e7al\u0131\u015fmas\u0131, miniklerin teravih namaz\u0131na olan ilgisini art\u0131rarak g\u00fczel bir tablo ortaya \u00e7\u0131kard\u0131. Uygulama ile camiye gelen \u00e7ocuklara namaz sonras\u0131 k\u00fc\u00e7\u00fck ikramlar sunulurken, bu sayede teravih saati daha \u00e7ekici hale getiriliyor. \u0130lk teravihlerde 65 civar\u0131nda \u00e7ocuk cemaatle bulu\u015furken, sevgi dolu yakla\u015f\u0131m ve ikramlar\u0131n etkisiyle bu say\u0131 k\u0131sa s\u00fcrede 110\u2019a ula\u015ft\u0131. Miniklerin y\u00fczlerindeki ne\u015fe ve camiye co\u015fkuyla ko\u015fmalar\u0131, belde sakinlerinin kalbinde manevi bir sevin\u00e7 uyand\u0131rd\u0131.<br \/>\n<br \/>Projeye destek verenler, miniklerin camide bir araya gelmesinin toplumsal dayan\u0131\u015fmay\u0131 g\u00fc\u00e7lendirdi\u011fini ve cenaze, bayram gibi \u00f6nemli g\u00fcnlerde cemaatin birlikteli\u011fini artt\u0131rd\u0131\u011f\u0131n\u0131 dile getirdi.<br \/><\/p>\n","protected":false},"excerpt":{"rendered":"<p>Afyonkarahisar\u2019\u0131n Sultanda\u011f\u0131 il\u00e7esinde Ramazan ay\u0131n\u0131n manevi atmosferi, \u00f6rnek bir uygulamayla farkl\u0131 bir boyut kazand\u0131. \u0130l\u00e7edeki \u0130shakl\u0131 Camii\u2019nde imam Adem \u00c7elik \u00f6nc\u00fcl\u00fc\u011f\u00fcnde hayata ge\u00e7irilen &#8220;Cami Marketi&#8221; \u00e7al\u0131\u015fmas\u0131, miniklerin teravih namaz\u0131na olan ilgisini art\u0131rarak g\u00fczel bir tablo ortaya \u00e7\u0131kard\u0131. Uygulama ile camiye gelen \u00e7ocuklara namaz sonras\u0131 k\u00fc\u00e7\u00fck ikramlar sunulurken, bu sayede teravih saati daha \u00e7ekici hale getiriliyor&#8230;.<\/p>\n","protected":false},"author":1,"featured_media":92885,"comment_status":"open","ping_status":"open","sticky":false,"template":"","format":"standard","meta":{"_crdt_document":"","footnotes":""},"categories":[1],"tags":[],"class_list":["post-92884","post","type-post","status-publish","format-standard","has-post-thumbnail","hentry","category-guncel"],"_links":{"self":[{"href":"https:\/\/www.egemtv.com\/index.php?rest_route=\/wp\/v2\/posts\/92884","targetHints":{"allow":["GET"]}}],"collection":[{"href":"https:\/\/www.egemtv.com\/index.php?rest_route=\/wp\/v2\/posts"}],"about":[{"href":"https:\/\/www.egemtv.com\/index.php?rest_route=\/wp\/v2\/types\/post"}],"author":[{"embeddable":true,"href":"https:\/\/www.egemtv.com\/index.php?rest_route=\/wp\/v2\/users\/1"}],"replies":[{"embeddable":true,"href":"https:\/\/www.egemtv.com\/index.php?rest_route=%2Fwp%2Fv2%2Fcomments&post=92884"}],"version-history":[{"count":1,"href":"https:\/\/www.egemtv.com\/index.php?rest_route=\/wp\/v2\/posts\/92884\/revisions"}],"predecessor-version":[{"id":92886,"href":"https:\/\/www.egemtv.com\/index.php?rest_route=\/wp\/v2\/posts\/92884\/revisions\/92886"}],"wp:featuredmedia":[{"embeddable":true,"href":"https:\/\/www.egemtv.com\/index.php?rest_route=\/wp\/v2\/media\/92885"}],"wp:attachment":[{"href":"https:\/\/www.egemtv.com\/index.php?rest_route=%2Fwp%2Fv2%2Fmedia&parent=92884"}],"wp:term":[{"taxonomy":"category","embeddable":true,"href":"https:\/\/www.egemtv.com\/index.php?rest_route=%2Fwp%2Fv2%2Fcategories&post=92884"},{"taxonomy":"post_tag","embeddable":true,"href":"https:\/\/www.egemtv.com\/index.php?rest_route=%2Fwp%2Fv2%2Ftags&post=92884"}],"curies":[{"name":"wp","href":"https:\/\/api.w.org\/{rel}","templated":true}]}}