{"id":92878,"date":"2026-03-09T10:54:43","date_gmt":"2026-03-09T07:54:43","guid":{"rendered":"https:\/\/www.egemtv.com\/?p=92878"},"modified":"2026-03-09T10:54:43","modified_gmt":"2026-03-09T07:54:43","slug":"yuzmek-icin-denize-giren-sahislari-sahil-guvenlik-ekipleri-kurtardi","status":"publish","type":"post","link":"https:\/\/www.egemtv.com\/?p=92878","title":{"rendered":"Y\u00fczmek i\u00e7in denize giren \u015fah\u0131slar\u0131, Sahil G\u00fcvenlik ekipleri kurtard\u0131"},"content":{"rendered":"<p>Ayd\u0131n\u2019\u0131n Ku\u015fadas\u0131 il\u00e7esinde denize girip a\u00e7\u0131lan ve geri d\u00f6nemeyen iki \u015fah\u0131s sahil g\u00fcvenlik ekipleri taraf\u0131ndan kurtar\u0131ld\u0131.<br \/>\n<br \/>Olay ge\u00e7ti\u011fimiz Cumartesi g\u00fcn\u00fc Ku\u015fadas\u0131 Kad\u0131nlar Denizi mevkiinde meydana geldi. Edinilen bilgiye g\u00f6re, Kad\u0131nlar Plaj\u0131\u2019ndan denize giren 2 \u015fahs\u0131n geri d\u00f6nemedi\u011fi ve yard\u0131m talebinde bulunuldu\u011fu bilgisinin al\u0131nmas\u0131 \u00fczerine arama kurtarma faaliyeti ba\u015flat\u0131ld\u0131. Bahse konu \u015fah\u0131slar Sahil G\u00fcvenlik Botu \u00fczerine al\u0131narak Ku\u015fadas\u0131 Sahil G\u00fcvenlik \u0130skelesi\u2019ne getirildi. \u015eah\u0131slar 112 Acil Sa\u011fl\u0131k Ambulans\u0131 personeline teslim edildi. \u015eah\u0131slar\u0131n sa\u011fl\u0131k durumlar\u0131n\u0131n iyi oldu\u011fu \u00f6\u011frenildi.<br \/><\/p>\n","protected":false},"excerpt":{"rendered":"<p>Ayd\u0131n\u2019\u0131n Ku\u015fadas\u0131 il\u00e7esinde denize girip a\u00e7\u0131lan ve geri d\u00f6nemeyen iki \u015fah\u0131s sahil g\u00fcvenlik ekipleri taraf\u0131ndan kurtar\u0131ld\u0131. Olay ge\u00e7ti\u011fimiz Cumartesi g\u00fcn\u00fc Ku\u015fadas\u0131 Kad\u0131nlar Denizi mevkiinde meydana geldi. Edinilen bilgiye g\u00f6re, Kad\u0131nlar Plaj\u0131\u2019ndan denize giren 2 \u015fahs\u0131n geri d\u00f6nemedi\u011fi ve yard\u0131m talebinde bulunuldu\u011fu bilgisinin al\u0131nmas\u0131 \u00fczerine arama kurtarma faaliyeti ba\u015flat\u0131ld\u0131. Bahse konu \u015fah\u0131slar Sahil G\u00fcvenlik Botu \u00fczerine&#8230;<\/p>\n","protected":false},"author":1,"featured_media":92879,"comment_status":"open","ping_status":"open","sticky":false,"template":"","format":"standard","meta":{"_crdt_document":"","footnotes":""},"categories":[5],"tags":[],"class_list":["post-92878","post","type-post","status-publish","format-standard","has-post-thumbnail","hentry","category-asayis"],"_links":{"self":[{"href":"https:\/\/www.egemtv.com\/index.php?rest_route=\/wp\/v2\/posts\/92878","targetHints":{"allow":["GET"]}}],"collection":[{"href":"https:\/\/www.egemtv.com\/index.php?rest_route=\/wp\/v2\/posts"}],"about":[{"href":"https:\/\/www.egemtv.com\/index.php?rest_route=\/wp\/v2\/types\/post"}],"author":[{"embeddable":true,"href":"https:\/\/www.egemtv.com\/index.php?rest_route=\/wp\/v2\/users\/1"}],"replies":[{"embeddable":true,"href":"https:\/\/www.egemtv.com\/index.php?rest_route=%2Fwp%2Fv2%2Fcomments&post=92878"}],"version-history":[{"count":1,"href":"https:\/\/www.egemtv.com\/index.php?rest_route=\/wp\/v2\/posts\/92878\/revisions"}],"predecessor-version":[{"id":92880,"href":"https:\/\/www.egemtv.com\/index.php?rest_route=\/wp\/v2\/posts\/92878\/revisions\/92880"}],"wp:featuredmedia":[{"embeddable":true,"href":"https:\/\/www.egemtv.com\/index.php?rest_route=\/wp\/v2\/media\/92879"}],"wp:attachment":[{"href":"https:\/\/www.egemtv.com\/index.php?rest_route=%2Fwp%2Fv2%2Fmedia&parent=92878"}],"wp:term":[{"taxonomy":"category","embeddable":true,"href":"https:\/\/www.egemtv.com\/index.php?rest_route=%2Fwp%2Fv2%2Fcategories&post=92878"},{"taxonomy":"post_tag","embeddable":true,"href":"https:\/\/www.egemtv.com\/index.php?rest_route=%2Fwp%2Fv2%2Ftags&post=92878"}],"curies":[{"name":"wp","href":"https:\/\/api.w.org\/{rel}","templated":true}]}}