{"id":92875,"date":"2026-03-09T10:54:42","date_gmt":"2026-03-09T07:54:42","guid":{"rendered":"https:\/\/www.egemtv.com\/?p=92875"},"modified":"2026-03-09T10:54:43","modified_gmt":"2026-03-09T07:54:43","slug":"aydinda-bir-haftada-130-aranan-sahis-yakalandi","status":"publish","type":"post","link":"https:\/\/www.egemtv.com\/?p=92875","title":{"rendered":"Ayd\u0131n\u2019da bir haftada 130 aranan \u015fah\u0131s yakaland\u0131"},"content":{"rendered":"<p>Ayd\u0131n \u0130l Emniyet M\u00fcd\u00fcrl\u00fc\u011f\u00fc ekiplerince 2-8 Mart 2026 tarihleri aras\u0131nda ger\u00e7ekle\u015ftirilen uygulama ve denetimlerde 37 bin 225 \u015fah\u0131s sorgulan\u0131rken, \u00e7e\u015fitli su\u00e7lardan aranan 130 ki\u015fi yakaland\u0131.<\/p>\n<p>Ayd\u0131n \u0130l Emniyet M\u00fcd\u00fcrl\u00fc\u011f\u00fc ekipleri vatanda\u015flar\u0131n huzur ve g\u00fcvenli\u011fini sa\u011flamak i\u00e7in \u00e7al\u0131\u015fmalar\u0131n\u0131 h\u0131z kesmeden 7\/24 esas\u0131na dayal\u0131 olarak s\u00fcrd\u00fcr\u00fcyor. Edinilen bilgiye g\u00f6re, il genelinde 2-8 Mart 2026 tarihleri aras\u0131nda yap\u0131lan \u00e7al\u0131\u015fmalar kapsam\u0131nda yakalanan \u015fah\u0131slardan 60\u2019\u0131 \u00e7\u0131kar\u0131ld\u0131klar\u0131 adli makamlarca tutukland\u0131. Emniyet ekipleri ayr\u0131ca kent genelinde meydana gelen 19 h\u0131rs\u0131zl\u0131k olay\u0131n\u0131 ayd\u0131nlatt\u0131. Siber su\u00e7larla m\u00fccadele ve sanal devriye faaliyetleri kapsam\u0131nda da \u00e7al\u0131\u015fmalar\u0131n\u0131 s\u00fcrd\u00fcren ekipler, bu \u00e7er\u00e7evede 49 \u015fah\u0131s hakk\u0131nda adli i\u015flem yapt\u0131. Yap\u0131lan operasyon ve uygulamalarda 121 gram uyu\u015fturucu madde, 493 adet sentetik ecza, 5 adet tabanca, 6 adet kurus\u0131k\u0131 tabanca ile 85 adet fi\u015fek ele ge\u00e7irildi.<\/p>\n<p>\u00d6te yandan trafik ekipleri taraf\u0131ndan ger\u00e7ekle\u015ftirilen denetimlerde 23 bin 76 ara\u00e7 ve motosiklet sorguland\u0131. Kurallara uymad\u0131\u011f\u0131 tespit edilen 192 ara\u00e7 trafikten men edilirken, 6 bin 68 ara\u00e7 s\u00fcr\u00fcc\u00fcs\u00fcne de cezai i\u015flem uyguland\u0131.<br \/><\/p>\n","protected":false},"excerpt":{"rendered":"<p>Ayd\u0131n \u0130l Emniyet M\u00fcd\u00fcrl\u00fc\u011f\u00fc ekiplerince 2-8 Mart 2026 tarihleri aras\u0131nda ger\u00e7ekle\u015ftirilen uygulama ve denetimlerde 37 bin 225 \u015fah\u0131s sorgulan\u0131rken, \u00e7e\u015fitli su\u00e7lardan aranan 130 ki\u015fi yakaland\u0131. Ayd\u0131n \u0130l Emniyet M\u00fcd\u00fcrl\u00fc\u011f\u00fc ekipleri vatanda\u015flar\u0131n huzur ve g\u00fcvenli\u011fini sa\u011flamak i\u00e7in \u00e7al\u0131\u015fmalar\u0131n\u0131 h\u0131z kesmeden 7\/24 esas\u0131na dayal\u0131 olarak s\u00fcrd\u00fcr\u00fcyor. Edinilen bilgiye g\u00f6re, il genelinde 2-8 Mart 2026 tarihleri aras\u0131nda yap\u0131lan&#8230;<\/p>\n","protected":false},"author":1,"featured_media":92876,"comment_status":"open","ping_status":"open","sticky":false,"template":"","format":"standard","meta":{"_crdt_document":"","footnotes":""},"categories":[5],"tags":[],"class_list":["post-92875","post","type-post","status-publish","format-standard","has-post-thumbnail","hentry","category-asayis"],"_links":{"self":[{"href":"https:\/\/www.egemtv.com\/index.php?rest_route=\/wp\/v2\/posts\/92875","targetHints":{"allow":["GET"]}}],"collection":[{"href":"https:\/\/www.egemtv.com\/index.php?rest_route=\/wp\/v2\/posts"}],"about":[{"href":"https:\/\/www.egemtv.com\/index.php?rest_route=\/wp\/v2\/types\/post"}],"author":[{"embeddable":true,"href":"https:\/\/www.egemtv.com\/index.php?rest_route=\/wp\/v2\/users\/1"}],"replies":[{"embeddable":true,"href":"https:\/\/www.egemtv.com\/index.php?rest_route=%2Fwp%2Fv2%2Fcomments&post=92875"}],"version-history":[{"count":1,"href":"https:\/\/www.egemtv.com\/index.php?rest_route=\/wp\/v2\/posts\/92875\/revisions"}],"predecessor-version":[{"id":92877,"href":"https:\/\/www.egemtv.com\/index.php?rest_route=\/wp\/v2\/posts\/92875\/revisions\/92877"}],"wp:featuredmedia":[{"embeddable":true,"href":"https:\/\/www.egemtv.com\/index.php?rest_route=\/wp\/v2\/media\/92876"}],"wp:attachment":[{"href":"https:\/\/www.egemtv.com\/index.php?rest_route=%2Fwp%2Fv2%2Fmedia&parent=92875"}],"wp:term":[{"taxonomy":"category","embeddable":true,"href":"https:\/\/www.egemtv.com\/index.php?rest_route=%2Fwp%2Fv2%2Fcategories&post=92875"},{"taxonomy":"post_tag","embeddable":true,"href":"https:\/\/www.egemtv.com\/index.php?rest_route=%2Fwp%2Fv2%2Ftags&post=92875"}],"curies":[{"name":"wp","href":"https:\/\/api.w.org\/{rel}","templated":true}]}}