{"id":92872,"date":"2026-03-09T10:34:49","date_gmt":"2026-03-09T07:34:49","guid":{"rendered":"https:\/\/www.egemtv.com\/?p=92872"},"modified":"2026-03-09T10:34:50","modified_gmt":"2026-03-09T07:34:50","slug":"borsada-kadin-emegi-ve-dayanisma-sofrasi-iftar-programi-gerceklestirildi","status":"publish","type":"post","link":"https:\/\/www.egemtv.com\/?p=92872","title":{"rendered":"Borsa\u2019da &#8220;Kad\u0131n Eme\u011fi ve Dayan\u0131\u015fma Sofras\u0131&#8221; iftar program\u0131 ger\u00e7ekle\u015ftirildi"},"content":{"rendered":"<p>Ayd\u0131n Ticaret Borsas\u0131, TOBB Ayd\u0131n \u0130l Kad\u0131n Giri\u015fimciler Kurulu ve Ayd\u0131n Aile ve Sosyal Hizmetler \u0130l M\u00fcd\u00fcrl\u00fc\u011f\u00fc i\u015f birli\u011finde, 8 Mart D\u00fcnya Kad\u0131nlar G\u00fcn\u00fc kapsam\u0131nda &#8220;8 Mart Kad\u0131n Eme\u011fi ve Dayan\u0131\u015fma Sofras\u0131&#8221; iftar program\u0131 d\u00fczenlendi.<\/p>\n<p>Kad\u0131n giri\u015fimciler, kurum temsilcileri ve davetlilerin kat\u0131l\u0131m\u0131yla ger\u00e7ekle\u015ftirilen iftar program\u0131nda Ramazan ay\u0131n\u0131n birlik ve payla\u015fma ruhu ile 8 Mart D\u00fcnya Kad\u0131nlar G\u00fcn\u00fc\u2019n\u00fcn anlam\u0131 bir arada ya\u015fan\u0131rken, kad\u0131n eme\u011finin toplum ve ekonomi \u00fczerindeki rol\u00fcne dikkat \u00e7ekilerek kad\u0131n dayan\u0131\u015fmas\u0131n\u0131n g\u00fc\u00e7lendirilmesine y\u00f6nelik mesajlar verildi. Kad\u0131n eme\u011finin g\u00f6r\u00fcn\u00fcrl\u00fc\u011f\u00fcn\u00fcn art\u0131r\u0131lmas\u0131 ve kad\u0131n giri\u015fimcili\u011finin desteklenmesi konular\u0131nda de\u011ferlendirmelerde bulunuldu. Program kapsam\u0131nda, Ayd\u0131n Aile ve Sosyal Hizmetler \u0130l M\u00fcd\u00fcrl\u00fc\u011f\u00fc koordinasyonunda desteklenen kad\u0131nlar\u0131n da kat\u0131l\u0131m\u0131yla, kad\u0131n dayan\u0131\u015fmas\u0131n\u0131 peki\u015ftiren anlaml\u0131 bir bulu\u015fma ger\u00e7ekle\u015ftirildi. Ayd\u0131n Ticaret Borsas\u0131 Meclis Ba\u015fkan\u0131 Ahmet Bahri Erdel, kad\u0131nlar\u0131n toplumsal ve ekonomik hayattaki yerinin her ge\u00e7en g\u00fcn daha da g\u00fc\u00e7lendi\u011fini belirterek &#8220;Kad\u0131nlar\u0131m\u0131z \u00fcretimde, giri\u015fimcilikte ve toplumsal ya\u015fam\u0131n her alan\u0131nda b\u00fcy\u00fck bir \u00f6zveriyle yer almaktad\u0131r. Kad\u0131n eme\u011finin desteklenmesi ve kad\u0131n giri\u015fimcili\u011finin g\u00fc\u00e7lendirilmesi, s\u00fcrd\u00fcr\u00fclebilir kalk\u0131nman\u0131n \u00f6nemli unsurlar\u0131ndan biridir. 8 Mart D\u00fcnya Kad\u0131nlar G\u00fcn\u00fc vesilesiyle d\u00fczenlenen bu anlaml\u0131 bulu\u015fman\u0131n, kad\u0131nlar\u0131m\u0131z aras\u0131ndaki dayan\u0131\u015fmay\u0131 daha da peki\u015ftirece\u011fine inan\u0131yorum&#8221; dedi.<\/p>\n<p>Kad\u0131n Eme\u011fi ve Dayan\u0131\u015fma Sofras\u0131 iftar program\u0131, 8 Mart D\u00fcnya Kad\u0131nlar G\u00fcn\u00fc\u2019n\u00fcn anlam ve \u00f6nemine vurgu yapan mesajlar\u0131n payla\u015f\u0131lmas\u0131yla sona erdi.<\/p>\n<p>Ger\u00e7ekle\u015ftirilen programa, Ayd\u0131n Ticaret Borsas\u0131 Meclis Ba\u015fkan\u0131 A. Bahri Erdel, Y\u00f6netim Kurulu Ba\u015fkan Yard\u0131mc\u0131s\u0131 Cengiz \u00dclgen, Y\u00f6netim Kurulu \u00dcyesi R\u0131za Uyar, Ayd\u0131n Aile ve Sosyal Hizmetler \u0130l M\u00fcd\u00fcr\u00fc \u0130lkay T\u00fcrko\u011flu, TOBB Ayd\u0131n \u0130l Kad\u0131n Giri\u015fimciler Kurulu Ba\u015fkan\u0131 G\u00fcler Kurudere Akba\u015f, Kurul Ba\u015fkan Yard\u0131mc\u0131s\u0131 Berna Aky\u00fczl\u00fc beraberinde Kurul \u0130cra \u00fcyeleri, Ayd\u0131n Ticaret Odas\u0131, Nazilli Ticaret Odas\u0131, Didim Ticaret Odas\u0131 ve Ku\u015fadas\u0131 Ticaret Odas\u0131 Kad\u0131n Giri\u015fimciler Kurulu \u0130cra \u00fcyeleri, Gen\u00e7lik ve Spor \u0130l M\u00fcd\u00fcrl\u00fc\u011f\u00fc, Sosyal Yard\u0131mla\u015fma ve Dayan\u0131\u015fma il M\u00fcd\u00fcrl\u00fc\u011f\u00fc, \u0130l Emniyet M\u00fcd\u00fcrl\u00fc\u011f\u00fc ve \u0130l Sa\u011fl\u0131k M\u00fcd\u00fcrl\u00fc\u011f\u00fc kurum temsilcileri kat\u0131l\u0131m sa\u011flad\u0131.<br \/><\/p>\n","protected":false},"excerpt":{"rendered":"<p>Ayd\u0131n Ticaret Borsas\u0131, TOBB Ayd\u0131n \u0130l Kad\u0131n Giri\u015fimciler Kurulu ve Ayd\u0131n Aile ve Sosyal Hizmetler \u0130l M\u00fcd\u00fcrl\u00fc\u011f\u00fc i\u015f birli\u011finde, 8 Mart D\u00fcnya Kad\u0131nlar G\u00fcn\u00fc kapsam\u0131nda &#8220;8 Mart Kad\u0131n Eme\u011fi ve Dayan\u0131\u015fma Sofras\u0131&#8221; iftar program\u0131 d\u00fczenlendi. Kad\u0131n giri\u015fimciler, kurum temsilcileri ve davetlilerin kat\u0131l\u0131m\u0131yla ger\u00e7ekle\u015ftirilen iftar program\u0131nda Ramazan ay\u0131n\u0131n birlik ve payla\u015fma ruhu ile 8 Mart D\u00fcnya&#8230;<\/p>\n","protected":false},"author":1,"featured_media":92873,"comment_status":"open","ping_status":"open","sticky":false,"template":"","format":"standard","meta":{"_crdt_document":"","footnotes":""},"categories":[1],"tags":[],"class_list":["post-92872","post","type-post","status-publish","format-standard","has-post-thumbnail","hentry","category-guncel"],"_links":{"self":[{"href":"https:\/\/www.egemtv.com\/index.php?rest_route=\/wp\/v2\/posts\/92872","targetHints":{"allow":["GET"]}}],"collection":[{"href":"https:\/\/www.egemtv.com\/index.php?rest_route=\/wp\/v2\/posts"}],"about":[{"href":"https:\/\/www.egemtv.com\/index.php?rest_route=\/wp\/v2\/types\/post"}],"author":[{"embeddable":true,"href":"https:\/\/www.egemtv.com\/index.php?rest_route=\/wp\/v2\/users\/1"}],"replies":[{"embeddable":true,"href":"https:\/\/www.egemtv.com\/index.php?rest_route=%2Fwp%2Fv2%2Fcomments&post=92872"}],"version-history":[{"count":1,"href":"https:\/\/www.egemtv.com\/index.php?rest_route=\/wp\/v2\/posts\/92872\/revisions"}],"predecessor-version":[{"id":92874,"href":"https:\/\/www.egemtv.com\/index.php?rest_route=\/wp\/v2\/posts\/92872\/revisions\/92874"}],"wp:featuredmedia":[{"embeddable":true,"href":"https:\/\/www.egemtv.com\/index.php?rest_route=\/wp\/v2\/media\/92873"}],"wp:attachment":[{"href":"https:\/\/www.egemtv.com\/index.php?rest_route=%2Fwp%2Fv2%2Fmedia&parent=92872"}],"wp:term":[{"taxonomy":"category","embeddable":true,"href":"https:\/\/www.egemtv.com\/index.php?rest_route=%2Fwp%2Fv2%2Fcategories&post=92872"},{"taxonomy":"post_tag","embeddable":true,"href":"https:\/\/www.egemtv.com\/index.php?rest_route=%2Fwp%2Fv2%2Ftags&post=92872"}],"curies":[{"name":"wp","href":"https:\/\/api.w.org\/{rel}","templated":true}]}}