{"id":92869,"date":"2026-03-09T10:34:47","date_gmt":"2026-03-09T07:34:47","guid":{"rendered":"https:\/\/www.egemtv.com\/?p=92869"},"modified":"2026-03-09T10:34:48","modified_gmt":"2026-03-09T07:34:48","slug":"anaokulu-ogrencileri-fatih-camiini-ziyaret-etti","status":"publish","type":"post","link":"https:\/\/www.egemtv.com\/?p=92869","title":{"rendered":"Anaokulu \u00f6\u011frencileri Fatih Camii\u2019ni ziyaret etti"},"content":{"rendered":"<p>Afyonkarahisar Emirda\u011f\u2019da Rabia Recep Ku\u015f Anaokulu \u00f6\u011frencileri, \u2018Ramazan Etkinlikleri\u2019 \u00e7er\u00e7evesinde Fatih Camii\u2019ni ziyaret ettiler.<br \/>\n<br \/>Milli E\u011fitim Bakanl\u0131\u011f\u0131 Temel E\u011fitim Genel M\u00fcd\u00fcrl\u00fc\u011f\u00fc taraf\u0131ndan y\u00fcr\u00fct\u00fclen \u2018Ramazan Etkinlikleri\u2019 konulu yaz\u0131 \u00e7er\u00e7evesinde Rabia Recep Ku\u015f Anaokulu \u00f6\u011frencileri, Emirda\u011f\u2019da bulunan Fatih Camii\u2019ni ziyaret ettiler. Ziyaret de Fatih Camii \u0130mam\u0131 Abdulkadir Sa\u011f \u00f6\u011frencilere Ramazan ay\u0131n\u0131n g\u00fczellikleri, \u0130slam dininin de\u011ferleri ve camide bulunan b\u00f6l\u00fcmler hakk\u0131nda bilgilendirmelerde bulundu. \u00d6\u011frenciler, camiyi yak\u0131ndan tan\u0131ma f\u0131rsat\u0131 buldular. Yap\u0131lan sohbetler ve etkinliklerle Ramazan ay\u0131n\u0131n manevi atmosferini deneyimlediler. Ger\u00e7ekle\u015ftirilen dua program\u0131n\u0131n ard\u0131ndan \u00f6\u011frencilere; g\u00fcl suyu, kek ikram\u0131nda bulunuldu.<br \/><\/p>\n","protected":false},"excerpt":{"rendered":"<p>Afyonkarahisar Emirda\u011f\u2019da Rabia Recep Ku\u015f Anaokulu \u00f6\u011frencileri, \u2018Ramazan Etkinlikleri\u2019 \u00e7er\u00e7evesinde Fatih Camii\u2019ni ziyaret ettiler. Milli E\u011fitim Bakanl\u0131\u011f\u0131 Temel E\u011fitim Genel M\u00fcd\u00fcrl\u00fc\u011f\u00fc taraf\u0131ndan y\u00fcr\u00fct\u00fclen \u2018Ramazan Etkinlikleri\u2019 konulu yaz\u0131 \u00e7er\u00e7evesinde Rabia Recep Ku\u015f Anaokulu \u00f6\u011frencileri, Emirda\u011f\u2019da bulunan Fatih Camii\u2019ni ziyaret ettiler. Ziyaret de Fatih Camii \u0130mam\u0131 Abdulkadir Sa\u011f \u00f6\u011frencilere Ramazan ay\u0131n\u0131n g\u00fczellikleri, \u0130slam dininin de\u011ferleri ve camide&#8230;<\/p>\n","protected":false},"author":1,"featured_media":92870,"comment_status":"open","ping_status":"open","sticky":false,"template":"","format":"standard","meta":{"_crdt_document":"","footnotes":""},"categories":[1],"tags":[],"class_list":["post-92869","post","type-post","status-publish","format-standard","has-post-thumbnail","hentry","category-guncel"],"_links":{"self":[{"href":"https:\/\/www.egemtv.com\/index.php?rest_route=\/wp\/v2\/posts\/92869","targetHints":{"allow":["GET"]}}],"collection":[{"href":"https:\/\/www.egemtv.com\/index.php?rest_route=\/wp\/v2\/posts"}],"about":[{"href":"https:\/\/www.egemtv.com\/index.php?rest_route=\/wp\/v2\/types\/post"}],"author":[{"embeddable":true,"href":"https:\/\/www.egemtv.com\/index.php?rest_route=\/wp\/v2\/users\/1"}],"replies":[{"embeddable":true,"href":"https:\/\/www.egemtv.com\/index.php?rest_route=%2Fwp%2Fv2%2Fcomments&post=92869"}],"version-history":[{"count":1,"href":"https:\/\/www.egemtv.com\/index.php?rest_route=\/wp\/v2\/posts\/92869\/revisions"}],"predecessor-version":[{"id":92871,"href":"https:\/\/www.egemtv.com\/index.php?rest_route=\/wp\/v2\/posts\/92869\/revisions\/92871"}],"wp:featuredmedia":[{"embeddable":true,"href":"https:\/\/www.egemtv.com\/index.php?rest_route=\/wp\/v2\/media\/92870"}],"wp:attachment":[{"href":"https:\/\/www.egemtv.com\/index.php?rest_route=%2Fwp%2Fv2%2Fmedia&parent=92869"}],"wp:term":[{"taxonomy":"category","embeddable":true,"href":"https:\/\/www.egemtv.com\/index.php?rest_route=%2Fwp%2Fv2%2Fcategories&post=92869"},{"taxonomy":"post_tag","embeddable":true,"href":"https:\/\/www.egemtv.com\/index.php?rest_route=%2Fwp%2Fv2%2Ftags&post=92869"}],"curies":[{"name":"wp","href":"https:\/\/api.w.org\/{rel}","templated":true}]}}