{"id":92845,"date":"2026-03-09T02:34:34","date_gmt":"2026-03-08T23:34:34","guid":{"rendered":"https:\/\/www.egemtv.com\/?p=92845"},"modified":"2026-03-09T02:34:36","modified_gmt":"2026-03-08T23:34:36","slug":"usakta-iki-otomobil-carpisti-2si-cocuk-5-yarali","status":"publish","type":"post","link":"https:\/\/www.egemtv.com\/?p=92845","title":{"rendered":"U\u015fak\u2019ta iki otomobil \u00e7arp\u0131\u015ft\u0131: 2\u2019si \u00e7ocuk 5 yaral\u0131"},"content":{"rendered":"<p>U\u015fak\u2019ta iki otomobilin \u00e7arp\u0131\u015fmas\u0131 sonucu meydana gelen kazada 2\u2019si \u00e7ocuk 5 ki\u015fi yaralanarak hastaneye kald\u0131r\u0131ld\u0131.<br \/>\n<br \/>Kaza, U\u015fak-Sivasl\u0131 karayolu Uzunoluk mevkiinde meydana geldi. Edinilen bilgilere g\u00f6re, E.A. (38) idaresindeki 64 AEE 112 plakal\u0131 otomobil, ayn\u0131 istikamette seyir halinde olan R.K. (44) y\u00f6netimindeki 35 ATA 293 plakal\u0131 otomobile arkadan \u00e7arpt\u0131. \u00c7arpman\u0131n etkisiyle 64 AEE 112 plakal\u0131 otomobil kar\u015f\u0131 \u015feride ge\u00e7erek \u015farampole d\u00fc\u015f\u00fcp dururken, di\u011fer otomobil ise kontrolden \u00e7\u0131karak devrildi. \u00c7evredeki vatanda\u015flar\u0131n durumu 112 Acil \u00c7a\u011fr\u0131 Merkezi\u2019ne bildirmesi \u00fczerine olay yerine 112 Sa\u011fl\u0131k, polis ve jandarma ekipleri sevk edildi. 112 Sa\u011fl\u0131k ekiplerince s\u00fcr\u00fcc\u00fcler ile 35 ATA 293 plakal\u0131 otomobilde yolcu olarak bulunan A.K. (13), T.K. (39) ve M.K. (16) kentteki hastanelere kald\u0131r\u0131ld\u0131.<br \/>\n<br \/>\u00d6te yandan kazayla ilgili soru\u015fturma ba\u015flat\u0131l\u0131rken, yaral\u0131lar\u0131n sa\u011fl\u0131k durumlar\u0131n\u0131n iyi oldu\u011fu \u00f6\u011frenildi.<br \/><\/p>\n","protected":false},"excerpt":{"rendered":"<p>U\u015fak\u2019ta iki otomobilin \u00e7arp\u0131\u015fmas\u0131 sonucu meydana gelen kazada 2\u2019si \u00e7ocuk 5 ki\u015fi yaralanarak hastaneye kald\u0131r\u0131ld\u0131. Kaza, U\u015fak-Sivasl\u0131 karayolu Uzunoluk mevkiinde meydana geldi. Edinilen bilgilere g\u00f6re, E.A. (38) idaresindeki 64 AEE 112 plakal\u0131 otomobil, ayn\u0131 istikamette seyir halinde olan R.K. (44) y\u00f6netimindeki 35 ATA 293 plakal\u0131 otomobile arkadan \u00e7arpt\u0131. \u00c7arpman\u0131n etkisiyle 64 AEE 112 plakal\u0131 otomobil&#8230;<\/p>\n","protected":false},"author":1,"featured_media":92846,"comment_status":"open","ping_status":"open","sticky":false,"template":"","format":"standard","meta":{"_crdt_document":"","footnotes":""},"categories":[5],"tags":[],"class_list":["post-92845","post","type-post","status-publish","format-standard","has-post-thumbnail","hentry","category-asayis"],"_links":{"self":[{"href":"https:\/\/www.egemtv.com\/index.php?rest_route=\/wp\/v2\/posts\/92845","targetHints":{"allow":["GET"]}}],"collection":[{"href":"https:\/\/www.egemtv.com\/index.php?rest_route=\/wp\/v2\/posts"}],"about":[{"href":"https:\/\/www.egemtv.com\/index.php?rest_route=\/wp\/v2\/types\/post"}],"author":[{"embeddable":true,"href":"https:\/\/www.egemtv.com\/index.php?rest_route=\/wp\/v2\/users\/1"}],"replies":[{"embeddable":true,"href":"https:\/\/www.egemtv.com\/index.php?rest_route=%2Fwp%2Fv2%2Fcomments&post=92845"}],"version-history":[{"count":1,"href":"https:\/\/www.egemtv.com\/index.php?rest_route=\/wp\/v2\/posts\/92845\/revisions"}],"predecessor-version":[{"id":92847,"href":"https:\/\/www.egemtv.com\/index.php?rest_route=\/wp\/v2\/posts\/92845\/revisions\/92847"}],"wp:featuredmedia":[{"embeddable":true,"href":"https:\/\/www.egemtv.com\/index.php?rest_route=\/wp\/v2\/media\/92846"}],"wp:attachment":[{"href":"https:\/\/www.egemtv.com\/index.php?rest_route=%2Fwp%2Fv2%2Fmedia&parent=92845"}],"wp:term":[{"taxonomy":"category","embeddable":true,"href":"https:\/\/www.egemtv.com\/index.php?rest_route=%2Fwp%2Fv2%2Fcategories&post=92845"},{"taxonomy":"post_tag","embeddable":true,"href":"https:\/\/www.egemtv.com\/index.php?rest_route=%2Fwp%2Fv2%2Ftags&post=92845"}],"curies":[{"name":"wp","href":"https:\/\/api.w.org\/{rel}","templated":true}]}}