{"id":92842,"date":"2026-03-09T02:14:36","date_gmt":"2026-03-08T23:14:36","guid":{"rendered":"https:\/\/www.egemtv.com\/?p=92842"},"modified":"2026-03-09T02:14:37","modified_gmt":"2026-03-08T23:14:37","slug":"direksiyon-hakimiyetini-kaybeden-surucu-yaralandi","status":"publish","type":"post","link":"https:\/\/www.egemtv.com\/?p=92842","title":{"rendered":"Direksiyon hakimiyetini kaybeden s\u00fcr\u00fcc\u00fc yaraland\u0131"},"content":{"rendered":"<p>Ayd\u0131n\u2019\u0131n S\u00f6ke il\u00e7esinde direksiyn hakimiyetini kav\u015fak i\u00e7inde s\u00fcr\u00fcc\u00fcs\u00fcn\u00fcn direksiyon hakimiyetini kaybetti\u011fi ara\u00e7 kaza yapt\u0131. Kazada yaralanan s\u00fcr\u00fcc\u00fc hassteneye kald\u0131r\u0131ld\u0131.<br \/>\n<br \/>Kaza gece yar\u0131s\u0131 meydana geldi. Edinilen bilgilere g\u00f6re, 09 EL 957 plakal\u0131 ara\u00e7 s\u00fcr\u00fcc\u00fcs\u00fc Y.E.\u00d6., Novada Kav\u015fa\u011f\u0131\u2019ndan Didim istikametine do\u011fru seyir halindeyken hen\u00fcz bilinmeyen bir nedenle direksiyon hakimiyetini kaybederek ref\u00fcje \u00e7arpt\u0131. Kazay\u0131 g\u00f6ren vatanda\u015flar\u0131n ihbar\u0131 \u00fczerine olay yerine sa\u011fl\u0131k ve polis ekipleri sevk edildi. Yaral\u0131 s\u00fcr\u00fcc\u00fc, sa\u011fl\u0131k ekiplerinin olay yerindeki ilk m\u00fcdahalesinin ard\u0131ndan hastaneye kald\u0131r\u0131larak tedavi alt\u0131na al\u0131nd\u0131.<br \/>\n<br \/>Polis ekipleri kazayla ilgili inceleme ba\u015flatt\u0131.<br \/><\/p>\n","protected":false},"excerpt":{"rendered":"<p>Ayd\u0131n\u2019\u0131n S\u00f6ke il\u00e7esinde direksiyn hakimiyetini kav\u015fak i\u00e7inde s\u00fcr\u00fcc\u00fcs\u00fcn\u00fcn direksiyon hakimiyetini kaybetti\u011fi ara\u00e7 kaza yapt\u0131. Kazada yaralanan s\u00fcr\u00fcc\u00fc hassteneye kald\u0131r\u0131ld\u0131. Kaza gece yar\u0131s\u0131 meydana geldi. Edinilen bilgilere g\u00f6re, 09 EL 957 plakal\u0131 ara\u00e7 s\u00fcr\u00fcc\u00fcs\u00fc Y.E.\u00d6., Novada Kav\u015fa\u011f\u0131\u2019ndan Didim istikametine do\u011fru seyir halindeyken hen\u00fcz bilinmeyen bir nedenle direksiyon hakimiyetini kaybederek ref\u00fcje \u00e7arpt\u0131. Kazay\u0131 g\u00f6ren vatanda\u015flar\u0131n ihbar\u0131 \u00fczerine&#8230;<\/p>\n","protected":false},"author":1,"featured_media":92843,"comment_status":"open","ping_status":"open","sticky":false,"template":"","format":"standard","meta":{"_crdt_document":"","footnotes":""},"categories":[5],"tags":[],"class_list":["post-92842","post","type-post","status-publish","format-standard","has-post-thumbnail","hentry","category-asayis"],"_links":{"self":[{"href":"https:\/\/www.egemtv.com\/index.php?rest_route=\/wp\/v2\/posts\/92842","targetHints":{"allow":["GET"]}}],"collection":[{"href":"https:\/\/www.egemtv.com\/index.php?rest_route=\/wp\/v2\/posts"}],"about":[{"href":"https:\/\/www.egemtv.com\/index.php?rest_route=\/wp\/v2\/types\/post"}],"author":[{"embeddable":true,"href":"https:\/\/www.egemtv.com\/index.php?rest_route=\/wp\/v2\/users\/1"}],"replies":[{"embeddable":true,"href":"https:\/\/www.egemtv.com\/index.php?rest_route=%2Fwp%2Fv2%2Fcomments&post=92842"}],"version-history":[{"count":1,"href":"https:\/\/www.egemtv.com\/index.php?rest_route=\/wp\/v2\/posts\/92842\/revisions"}],"predecessor-version":[{"id":92844,"href":"https:\/\/www.egemtv.com\/index.php?rest_route=\/wp\/v2\/posts\/92842\/revisions\/92844"}],"wp:featuredmedia":[{"embeddable":true,"href":"https:\/\/www.egemtv.com\/index.php?rest_route=\/wp\/v2\/media\/92843"}],"wp:attachment":[{"href":"https:\/\/www.egemtv.com\/index.php?rest_route=%2Fwp%2Fv2%2Fmedia&parent=92842"}],"wp:term":[{"taxonomy":"category","embeddable":true,"href":"https:\/\/www.egemtv.com\/index.php?rest_route=%2Fwp%2Fv2%2Fcategories&post=92842"},{"taxonomy":"post_tag","embeddable":true,"href":"https:\/\/www.egemtv.com\/index.php?rest_route=%2Fwp%2Fv2%2Ftags&post=92842"}],"curies":[{"name":"wp","href":"https:\/\/api.w.org\/{rel}","templated":true}]}}