{"id":92839,"date":"2026-03-09T01:54:29","date_gmt":"2026-03-08T22:54:29","guid":{"rendered":"https:\/\/www.egemtv.com\/?p=92839"},"modified":"2026-03-09T01:54:30","modified_gmt":"2026-03-08T22:54:30","slug":"yolun-karsisina-gecmek-isteyen-yasli-kadina-otomobil-carpti","status":"publish","type":"post","link":"https:\/\/www.egemtv.com\/?p=92839","title":{"rendered":"Yolun kar\u015f\u0131s\u0131na ge\u00e7mek isteyen ya\u015fl\u0131 kad\u0131na otomobil \u00e7arpt\u0131"},"content":{"rendered":"<p>Manisa\u2019n\u0131n Kula il\u00e7esinde D300 Karayolu \u00fczerinde yolun kar\u015f\u0131s\u0131na ge\u00e7mek isteyen ya\u015fl\u0131 kad\u0131na otomobil \u00e7arpt\u0131. Yaralanan kad\u0131n hastaneye kald\u0131r\u0131larak tedavi alt\u0131na al\u0131nd\u0131.<br \/>\n<br \/>Kaza, saat 23.45 s\u0131ralar\u0131nda \u0130zmir-Ankara D300 Karayolu Hisarkap\u0131 Kav\u015fa\u011f\u0131\u2019nda meydana geldi. Edinilen bilgilere g\u00f6re, kav\u015fakta yolun kar\u015f\u0131s\u0131na ge\u00e7mek isteyen \u00dc.U.\u2019ya \u0130zmir\u2019den U\u015fak istikametine seyir halinde olan H.K. y\u00f6netimindeki 45 AUF 369 plakal\u0131 otomobil \u00e7arpt\u0131. Kazay\u0131 g\u00f6ren vatanda\u015flar\u0131n 112 Acil \u00c7a\u011fr\u0131 Merkezi\u2019ne ihbarda bulunmas\u0131 \u00fczerine olay yerine sa\u011fl\u0131k ve polis ekipleri sevk edildi. Yaral\u0131 kad\u0131n, sa\u011fl\u0131k ekiplerinin olay yerinde yapt\u0131\u011f\u0131 ilk m\u00fcdahalenin ard\u0131ndan ambulansla Kula Devlet Hastanesi\u2019ne kald\u0131r\u0131ld\u0131. Ya\u015fl\u0131 kad\u0131n burada yap\u0131lan ilk tedavisinin ard\u0131ndan ileri tetkik ve tedavi amac\u0131yla ba\u015fka bir hastaneye sevk edildi\u011fi \u00f6\u011frenildi.<br \/>\n<br \/>\u00d6te yandan kaza nedeniyle \u0130zmir-Ankara D300 Karayolunun U\u015fak istikametinde trafik bir s\u00fcre tek \u015feritten kontroll\u00fc olarak sa\u011fland\u0131.<br \/>\n<br \/>Kaza ile ilgili soru\u015fturma ba\u015flat\u0131ld\u0131.<br \/><\/p>\n","protected":false},"excerpt":{"rendered":"<p>Manisa\u2019n\u0131n Kula il\u00e7esinde D300 Karayolu \u00fczerinde yolun kar\u015f\u0131s\u0131na ge\u00e7mek isteyen ya\u015fl\u0131 kad\u0131na otomobil \u00e7arpt\u0131. Yaralanan kad\u0131n hastaneye kald\u0131r\u0131larak tedavi alt\u0131na al\u0131nd\u0131. Kaza, saat 23.45 s\u0131ralar\u0131nda \u0130zmir-Ankara D300 Karayolu Hisarkap\u0131 Kav\u015fa\u011f\u0131\u2019nda meydana geldi. Edinilen bilgilere g\u00f6re, kav\u015fakta yolun kar\u015f\u0131s\u0131na ge\u00e7mek isteyen \u00dc.U.\u2019ya \u0130zmir\u2019den U\u015fak istikametine seyir halinde olan H.K. y\u00f6netimindeki 45 AUF 369 plakal\u0131 otomobil \u00e7arpt\u0131&#8230;.<\/p>\n","protected":false},"author":1,"featured_media":92840,"comment_status":"open","ping_status":"open","sticky":false,"template":"","format":"standard","meta":{"_crdt_document":"","footnotes":""},"categories":[5],"tags":[],"class_list":["post-92839","post","type-post","status-publish","format-standard","has-post-thumbnail","hentry","category-asayis"],"_links":{"self":[{"href":"https:\/\/www.egemtv.com\/index.php?rest_route=\/wp\/v2\/posts\/92839","targetHints":{"allow":["GET"]}}],"collection":[{"href":"https:\/\/www.egemtv.com\/index.php?rest_route=\/wp\/v2\/posts"}],"about":[{"href":"https:\/\/www.egemtv.com\/index.php?rest_route=\/wp\/v2\/types\/post"}],"author":[{"embeddable":true,"href":"https:\/\/www.egemtv.com\/index.php?rest_route=\/wp\/v2\/users\/1"}],"replies":[{"embeddable":true,"href":"https:\/\/www.egemtv.com\/index.php?rest_route=%2Fwp%2Fv2%2Fcomments&post=92839"}],"version-history":[{"count":1,"href":"https:\/\/www.egemtv.com\/index.php?rest_route=\/wp\/v2\/posts\/92839\/revisions"}],"predecessor-version":[{"id":92841,"href":"https:\/\/www.egemtv.com\/index.php?rest_route=\/wp\/v2\/posts\/92839\/revisions\/92841"}],"wp:featuredmedia":[{"embeddable":true,"href":"https:\/\/www.egemtv.com\/index.php?rest_route=\/wp\/v2\/media\/92840"}],"wp:attachment":[{"href":"https:\/\/www.egemtv.com\/index.php?rest_route=%2Fwp%2Fv2%2Fmedia&parent=92839"}],"wp:term":[{"taxonomy":"category","embeddable":true,"href":"https:\/\/www.egemtv.com\/index.php?rest_route=%2Fwp%2Fv2%2Fcategories&post=92839"},{"taxonomy":"post_tag","embeddable":true,"href":"https:\/\/www.egemtv.com\/index.php?rest_route=%2Fwp%2Fv2%2Ftags&post=92839"}],"curies":[{"name":"wp","href":"https:\/\/api.w.org\/{rel}","templated":true}]}}