{"id":92836,"date":"2026-03-08T23:54:31","date_gmt":"2026-03-08T20:54:31","guid":{"rendered":"https:\/\/www.egemtv.com\/?p=92836"},"modified":"2026-03-08T23:54:32","modified_gmt":"2026-03-08T20:54:32","slug":"osman-ozkoylu-son-yarim-saatteki-oyun-ustunlugu-kaybi-bizim-icin-bir-hayal-kirikligidir","status":"publish","type":"post","link":"https:\/\/www.egemtv.com\/?p=92836","title":{"rendered":"Osman \u00d6zk\u00f6yl\u00fc &#8220;Son yar\u0131m saatteki oyun \u00fcst\u00fcnl\u00fc\u011f\u00fc kayb\u0131 bizim i\u00e7in bir hayal k\u0131r\u0131kl\u0131\u011f\u0131d\u0131r&#8221;"},"content":{"rendered":"<p>Esenler Erokspor Teknik Direkt\u00f6r\u00fc Osman \u00d6zk\u00f6yl\u00fc, Bodrum FK ma\u00e7\u0131n\u0131n ard\u0131ndan yapt\u0131\u011f\u0131 a\u00e7\u0131klamada, &#8220;Son yar\u0131m saatteki oyun \u00fcst\u00fcnl\u00fc\u011f\u00fc kayb\u0131 bizim i\u00e7in bir hayal k\u0131r\u0131kl\u0131\u011f\u0131d\u0131r. Gerekli analizleri yap\u0131p hatalar\u0131m\u0131zdan ders \u00e7\u0131karaca\u011f\u0131z&#8221; dedi.<br \/>\n<br \/>Trendyol 1. Lig\u2019in 29. haftas\u0131nda Esenler Erokspor, deplasmanda Bodrum FK\u2019y\u0131 4-3 ma\u011flup etti. Ma\u00e7\u0131n ard\u0131ndan d\u00fczenlenen bas\u0131n toplant\u0131s\u0131nda Esenler Erokspor Teknik Direkt\u00f6r\u00fc Osman \u00d6zk\u00f6yl\u00fc a\u00e7\u0131klamalarda bulundu. \u00d6zk\u00f6yl\u00fc, &#8220;Zorlu bir deplasmanda, g\u00fc\u00e7l\u00fc bir rakibe kar\u015f\u0131 kritik bir galibiyet ald\u0131k. Rakiplerimizin kazand\u0131\u011f\u0131 haftada hata yapmamak yar\u0131\u015fta ne kadar iddial\u0131 oldu\u011fumuzu bir kez daha g\u00f6sterdi. Ma\u00e7\u0131n ilk 45 dakikas\u0131 sezonun en iyi oyunlar\u0131ndan biriydi. Ancak tamamen kontrol\u00fcm\u00fczde giden ve fark\u0131 a\u00e7abilece\u011fimiz anlarda, kalemizde pozisyon dahi g\u00f6rmeden bireysel hatalardan iki gol yedik. Hafta boyunca bu t\u00fcr basit hatalara \u00e7al\u0131\u015fmam\u0131za ra\u011fmen sahada bu zafiyeti ya\u015fad\u0131k. Ma\u00e7\u0131n son 30 dakikas\u0131nda rakip 10 ki\u015fi kalm\u0131\u015fken, tecr\u00fcbeli oyuncular\u0131m\u0131zla topa sahip olmay\u0131 hedefledik ancak oyun disiplininden koptuk. Eksik rakibe kar\u015f\u0131 \u00fcst\u00fcnl\u00fc\u011f\u00fc kaybetmemiz ve kalemizde tehlike ya\u015famam\u0131z bizim ad\u0131m\u0131za bir hayal k\u0131r\u0131kl\u0131\u011f\u0131d\u0131r&#8221; diye konu\u015ftu.<br \/>\n<br \/>Ligin en \u00e7ok gol atan, kaliteli bir tak\u0131m\u0131 olduklar\u0131n\u0131 vurgulayan \u00d6zk\u00fcyl\u00fc, &#8220;Ancak konsantrasyon kayb\u0131 ya\u015fad\u0131\u011f\u0131m\u0131zda savunmada k\u0131r\u0131lgan hale geliyoruz. Bu hatalar\u0131 analiz edip per\u015fembe g\u00fcnk\u00fc Band\u0131rmaspor ma\u00e7\u0131na en iyi \u015fekilde haz\u0131rlanaca\u011f\u0131z. Oyuncular\u0131m\u0131 galibiyetten dolay\u0131 kutluyorum&#8221; a\u00e7\u0131klamas\u0131nda bulundu.<br \/><\/p>\n","protected":false},"excerpt":{"rendered":"<p>Esenler Erokspor Teknik Direkt\u00f6r\u00fc Osman \u00d6zk\u00f6yl\u00fc, Bodrum FK ma\u00e7\u0131n\u0131n ard\u0131ndan yapt\u0131\u011f\u0131 a\u00e7\u0131klamada, &#8220;Son yar\u0131m saatteki oyun \u00fcst\u00fcnl\u00fc\u011f\u00fc kayb\u0131 bizim i\u00e7in bir hayal k\u0131r\u0131kl\u0131\u011f\u0131d\u0131r. Gerekli analizleri yap\u0131p hatalar\u0131m\u0131zdan ders \u00e7\u0131karaca\u011f\u0131z&#8221; dedi. Trendyol 1. Lig\u2019in 29. haftas\u0131nda Esenler Erokspor, deplasmanda Bodrum FK\u2019y\u0131 4-3 ma\u011flup etti. Ma\u00e7\u0131n ard\u0131ndan d\u00fczenlenen bas\u0131n toplant\u0131s\u0131nda Esenler Erokspor Teknik Direkt\u00f6r\u00fc Osman \u00d6zk\u00f6yl\u00fc a\u00e7\u0131klamalarda&#8230;<\/p>\n","protected":false},"author":1,"featured_media":92837,"comment_status":"open","ping_status":"open","sticky":false,"template":"","format":"standard","meta":{"_crdt_document":"","footnotes":""},"categories":[4],"tags":[],"class_list":["post-92836","post","type-post","status-publish","format-standard","has-post-thumbnail","hentry","category-spor"],"_links":{"self":[{"href":"https:\/\/www.egemtv.com\/index.php?rest_route=\/wp\/v2\/posts\/92836","targetHints":{"allow":["GET"]}}],"collection":[{"href":"https:\/\/www.egemtv.com\/index.php?rest_route=\/wp\/v2\/posts"}],"about":[{"href":"https:\/\/www.egemtv.com\/index.php?rest_route=\/wp\/v2\/types\/post"}],"author":[{"embeddable":true,"href":"https:\/\/www.egemtv.com\/index.php?rest_route=\/wp\/v2\/users\/1"}],"replies":[{"embeddable":true,"href":"https:\/\/www.egemtv.com\/index.php?rest_route=%2Fwp%2Fv2%2Fcomments&post=92836"}],"version-history":[{"count":1,"href":"https:\/\/www.egemtv.com\/index.php?rest_route=\/wp\/v2\/posts\/92836\/revisions"}],"predecessor-version":[{"id":92838,"href":"https:\/\/www.egemtv.com\/index.php?rest_route=\/wp\/v2\/posts\/92836\/revisions\/92838"}],"wp:featuredmedia":[{"embeddable":true,"href":"https:\/\/www.egemtv.com\/index.php?rest_route=\/wp\/v2\/media\/92837"}],"wp:attachment":[{"href":"https:\/\/www.egemtv.com\/index.php?rest_route=%2Fwp%2Fv2%2Fmedia&parent=92836"}],"wp:term":[{"taxonomy":"category","embeddable":true,"href":"https:\/\/www.egemtv.com\/index.php?rest_route=%2Fwp%2Fv2%2Fcategories&post=92836"},{"taxonomy":"post_tag","embeddable":true,"href":"https:\/\/www.egemtv.com\/index.php?rest_route=%2Fwp%2Fv2%2Ftags&post=92836"}],"curies":[{"name":"wp","href":"https:\/\/api.w.org\/{rel}","templated":true}]}}