{"id":92833,"date":"2026-03-08T23:54:30","date_gmt":"2026-03-08T20:54:30","guid":{"rendered":"https:\/\/www.egemtv.com\/?p=92833"},"modified":"2026-03-08T23:54:31","modified_gmt":"2026-03-08T20:54:31","slug":"kutahyalilar-kutahyasporun-zaferini-dev-ekrandan-izledi","status":"publish","type":"post","link":"https:\/\/www.egemtv.com\/?p=92833","title":{"rendered":"K\u00fctahyal\u0131lar, K\u00fctahyaspor\u2019un zaferini dev ekrandan izledi"},"content":{"rendered":"<p>K\u00fctahya\u2019da vatanda\u015flar, K\u00fctahyaspor\u2019un deplasmanda Altay\u2019\u0131 4-0 ma\u011flup etti\u011fi kar\u015f\u0131la\u015fmay\u0131 belediye binas\u0131 \u00f6n\u00fcnde kurulan dev ekranda hep birlikte izledi.<br \/>\n<br \/>K\u00fctahya Belediyesi \u00f6n\u00fcnde kurulan dev ekranda bir araya gelen taraftarlar, \u0130zmir\u2019de oynanan m\u00fccadeleyi b\u00fcy\u00fck bir heyecanla takip etti. \u015eehrin gururu ve ligin lideri K\u00fctahyaspor\u2019a destek vermek i\u00e7in toplanan vatanda\u015flar, ma\u00e7 boyunca tezah\u00fcratlarla tak\u0131mlar\u0131na moral verdi.<br \/>\n<br \/>Kar\u015f\u0131la\u015fmada gelen goller, alanda bulunan taraftarlar taraf\u0131ndan alk\u0131\u015flarla kar\u015f\u0131lan\u0131rken, K\u00fctahyaspor sevdal\u0131lar\u0131 dev ekran \u00f6n\u00fcnde omuz omuza vererek tak\u0131mlar\u0131na olan desteklerini g\u00f6sterdi.<br \/>\n<br \/>Ma\u00e7\u0131n ard\u0131ndan vatanda\u015flar, al\u0131nan 4-0\u2019l\u0131k galibiyetin sevincini birlikte ya\u015fayarak K\u00fctahyaspor\u2019un ba\u015far\u0131s\u0131n\u0131 kutlad\u0131.<br \/><\/p>\n","protected":false},"excerpt":{"rendered":"<p>K\u00fctahya\u2019da vatanda\u015flar, K\u00fctahyaspor\u2019un deplasmanda Altay\u2019\u0131 4-0 ma\u011flup etti\u011fi kar\u015f\u0131la\u015fmay\u0131 belediye binas\u0131 \u00f6n\u00fcnde kurulan dev ekranda hep birlikte izledi. K\u00fctahya Belediyesi \u00f6n\u00fcnde kurulan dev ekranda bir araya gelen taraftarlar, \u0130zmir\u2019de oynanan m\u00fccadeleyi b\u00fcy\u00fck bir heyecanla takip etti. \u015eehrin gururu ve ligin lideri K\u00fctahyaspor\u2019a destek vermek i\u00e7in toplanan vatanda\u015flar, ma\u00e7 boyunca tezah\u00fcratlarla tak\u0131mlar\u0131na moral verdi. Kar\u015f\u0131la\u015fmada gelen&#8230;<\/p>\n","protected":false},"author":1,"featured_media":92834,"comment_status":"open","ping_status":"open","sticky":false,"template":"","format":"standard","meta":{"_crdt_document":"","footnotes":""},"categories":[4],"tags":[],"class_list":["post-92833","post","type-post","status-publish","format-standard","has-post-thumbnail","hentry","category-spor"],"_links":{"self":[{"href":"https:\/\/www.egemtv.com\/index.php?rest_route=\/wp\/v2\/posts\/92833","targetHints":{"allow":["GET"]}}],"collection":[{"href":"https:\/\/www.egemtv.com\/index.php?rest_route=\/wp\/v2\/posts"}],"about":[{"href":"https:\/\/www.egemtv.com\/index.php?rest_route=\/wp\/v2\/types\/post"}],"author":[{"embeddable":true,"href":"https:\/\/www.egemtv.com\/index.php?rest_route=\/wp\/v2\/users\/1"}],"replies":[{"embeddable":true,"href":"https:\/\/www.egemtv.com\/index.php?rest_route=%2Fwp%2Fv2%2Fcomments&post=92833"}],"version-history":[{"count":1,"href":"https:\/\/www.egemtv.com\/index.php?rest_route=\/wp\/v2\/posts\/92833\/revisions"}],"predecessor-version":[{"id":92835,"href":"https:\/\/www.egemtv.com\/index.php?rest_route=\/wp\/v2\/posts\/92833\/revisions\/92835"}],"wp:featuredmedia":[{"embeddable":true,"href":"https:\/\/www.egemtv.com\/index.php?rest_route=\/wp\/v2\/media\/92834"}],"wp:attachment":[{"href":"https:\/\/www.egemtv.com\/index.php?rest_route=%2Fwp%2Fv2%2Fmedia&parent=92833"}],"wp:term":[{"taxonomy":"category","embeddable":true,"href":"https:\/\/www.egemtv.com\/index.php?rest_route=%2Fwp%2Fv2%2Fcategories&post=92833"},{"taxonomy":"post_tag","embeddable":true,"href":"https:\/\/www.egemtv.com\/index.php?rest_route=%2Fwp%2Fv2%2Ftags&post=92833"}],"curies":[{"name":"wp","href":"https:\/\/api.w.org\/{rel}","templated":true}]}}