{"id":92830,"date":"2026-03-08T23:34:51","date_gmt":"2026-03-08T20:34:51","guid":{"rendered":"https:\/\/www.egemtv.com\/?p=92830"},"modified":"2026-03-08T23:34:52","modified_gmt":"2026-03-08T20:34:52","slug":"didimde-emekci-kadinlar-pazari-kent-meydaninda-acildi","status":"publish","type":"post","link":"https:\/\/www.egemtv.com\/?p=92830","title":{"rendered":"Didim\u2019de Emek\u00e7i Kad\u0131nlar Pazar\u0131 kent meydan\u0131nda a\u00e7\u0131ld\u0131"},"content":{"rendered":"<p>Ayd\u0131n\u2019\u0131n Didim il\u00e7esinde 8 Mart D\u00fcnya Emek\u00e7i Kad\u0131nlar G\u00fcn\u00fc dolay\u0131s\u0131yla Didim Belediyesi taraf\u0131ndan Didim Kent Meydan\u0131\u2019nda Emek\u00e7i Kad\u0131nlar Pazar\u0131 kuruldu. Didimli kad\u0131n \u00fcreticilerin el eme\u011fi \u00fcr\u00fcnlerini halkla bulu\u015fturdu\u011fu pazarda tak\u0131dan tekstile, el sanatlar\u0131ndan dekoratif \u00fcr\u00fcnlere kadar bir\u00e7ok farkl\u0131 \u00fcr\u00fcn yer al\u0131yor.<\/p>\n<p>Emek\u00e7i Kad\u0131nlar Pazar\u0131\u2019n\u0131 Didim Belediye Ba\u015fkan\u0131 Hatice Gen\u00e7ay da ziyaret ederek stant a\u00e7an kad\u0131n \u00fcreticilerle bir araya geldi. \u00dcretici kad\u0131nlarla sohbet eden Ba\u015fkan, kad\u0131nlar\u0131n el eme\u011fi \u00fcr\u00fcnlerini inceleyerek \u00fcretimlerine destek verdi. Ba\u015fkan Hatice Gen\u00e7ay, kad\u0131nlar\u0131n \u00fcretime kat\u0131lmas\u0131n\u0131n hem aile ekonomisine hem de yerel kalk\u0131nmaya \u00f6nemli katk\u0131lar sa\u011flad\u0131\u011f\u0131n\u0131 belirterek, Didim Belediyesi olarak kad\u0131n \u00fcreticilerin yan\u0131nda olmaya devam edeceklerini ifade etti.<\/p>\n<p>Didim Kent Meydan\u0131\u2019nda kurulan Emek\u00e7i Kad\u0131nlar Pazar\u0131\u2019n\u0131n bayram sonuna kadar ziyaret\u00e7ilere a\u00e7\u0131k olaca\u011f\u0131 bildirildi. Didim Belediyesi, kad\u0131n eme\u011fini destekleyen ve \u00fcretici kad\u0131nlar\u0131 halkla bulu\u015fturan \u00e7al\u0131\u015fmalar\u0131n\u0131 s\u00fcrd\u00fcrmeye devam ediyor.<br \/><\/p>\n","protected":false},"excerpt":{"rendered":"<p>Ayd\u0131n\u2019\u0131n Didim il\u00e7esinde 8 Mart D\u00fcnya Emek\u00e7i Kad\u0131nlar G\u00fcn\u00fc dolay\u0131s\u0131yla Didim Belediyesi taraf\u0131ndan Didim Kent Meydan\u0131\u2019nda Emek\u00e7i Kad\u0131nlar Pazar\u0131 kuruldu. Didimli kad\u0131n \u00fcreticilerin el eme\u011fi \u00fcr\u00fcnlerini halkla bulu\u015fturdu\u011fu pazarda tak\u0131dan tekstile, el sanatlar\u0131ndan dekoratif \u00fcr\u00fcnlere kadar bir\u00e7ok farkl\u0131 \u00fcr\u00fcn yer al\u0131yor. Emek\u00e7i Kad\u0131nlar Pazar\u0131\u2019n\u0131 Didim Belediye Ba\u015fkan\u0131 Hatice Gen\u00e7ay da ziyaret ederek stant a\u00e7an kad\u0131n&#8230;<\/p>\n","protected":false},"author":1,"featured_media":92831,"comment_status":"open","ping_status":"open","sticky":false,"template":"","format":"standard","meta":{"_crdt_document":"","footnotes":""},"categories":[1],"tags":[],"class_list":["post-92830","post","type-post","status-publish","format-standard","has-post-thumbnail","hentry","category-guncel"],"_links":{"self":[{"href":"https:\/\/www.egemtv.com\/index.php?rest_route=\/wp\/v2\/posts\/92830","targetHints":{"allow":["GET"]}}],"collection":[{"href":"https:\/\/www.egemtv.com\/index.php?rest_route=\/wp\/v2\/posts"}],"about":[{"href":"https:\/\/www.egemtv.com\/index.php?rest_route=\/wp\/v2\/types\/post"}],"author":[{"embeddable":true,"href":"https:\/\/www.egemtv.com\/index.php?rest_route=\/wp\/v2\/users\/1"}],"replies":[{"embeddable":true,"href":"https:\/\/www.egemtv.com\/index.php?rest_route=%2Fwp%2Fv2%2Fcomments&post=92830"}],"version-history":[{"count":1,"href":"https:\/\/www.egemtv.com\/index.php?rest_route=\/wp\/v2\/posts\/92830\/revisions"}],"predecessor-version":[{"id":92832,"href":"https:\/\/www.egemtv.com\/index.php?rest_route=\/wp\/v2\/posts\/92830\/revisions\/92832"}],"wp:featuredmedia":[{"embeddable":true,"href":"https:\/\/www.egemtv.com\/index.php?rest_route=\/wp\/v2\/media\/92831"}],"wp:attachment":[{"href":"https:\/\/www.egemtv.com\/index.php?rest_route=%2Fwp%2Fv2%2Fmedia&parent=92830"}],"wp:term":[{"taxonomy":"category","embeddable":true,"href":"https:\/\/www.egemtv.com\/index.php?rest_route=%2Fwp%2Fv2%2Fcategories&post=92830"},{"taxonomy":"post_tag","embeddable":true,"href":"https:\/\/www.egemtv.com\/index.php?rest_route=%2Fwp%2Fv2%2Ftags&post=92830"}],"curies":[{"name":"wp","href":"https:\/\/api.w.org\/{rel}","templated":true}]}}