{"id":92827,"date":"2026-03-08T23:34:50","date_gmt":"2026-03-08T20:34:50","guid":{"rendered":"https:\/\/www.egemtv.com\/?p=92827"},"modified":"2026-03-08T23:34:51","modified_gmt":"2026-03-08T20:34:51","slug":"sevilen-sanatci-duru-didimde-vatandaslar-ile-bulusturdu","status":"publish","type":"post","link":"https:\/\/www.egemtv.com\/?p=92827","title":{"rendered":"Sevilen sanat\u00e7\u0131 Duru Didim\u2019de vatanda\u015flar ile bulu\u015fturdu"},"content":{"rendered":"<p>Ayd\u0131n B\u00fcy\u00fck\u015fehir Belediye Ba\u015fkan\u0131 \u00d6zlem \u00c7er\u00e7io\u011flu, 8 Mart D\u00fcnya Kad\u0131nlar G\u00fcn\u00fc\u2019nde d\u00fczenledi\u011fi etkinlikle vatanda\u015flar\u0131 sanat\u00e7\u0131 N\u00fckhet Duru ile bir araya getirdi.<\/p>\n<p>Sevilen sanat\u00e7\u0131 N\u00fckhet Duru, Didim Atat\u00fcrk K\u00fclt\u00fcr Merkezi\u2019nde Ayd\u0131nl\u0131larla bulu\u015ftu. Vatanda\u015flar\u0131n yo\u011fun ilgi g\u00f6sterdi\u011fi etkinlik renkli g\u00f6r\u00fcnt\u00fclere sahne oldu. Duru, sevilen eserleri seslendirirken vatanda\u015flar da \u015fark\u0131lara hep bir a\u011f\u0131zdan e\u015flik etti. Ayd\u0131n\u2019da olmaktan b\u00fcy\u00fck mutluluk duydu\u011funu belirten N\u00fckhet Duru, Ba\u015fkan \u00c7er\u00e7io\u011flu\u2019na te\u015fekk\u00fcr etti. T\u00fcm kad\u0131nlar\u0131n 8 Mart D\u00fcnya Kad\u0131nlar G\u00fcn\u00fc\u2019n\u00fc kutlayan Ayd\u0131n B\u00fcy\u00fck\u015fehir Belediye Ba\u015fkan\u0131 \u00d6zlem \u00c7er\u00e7io\u011flu, &#8220;Ayd\u0131nl\u0131k yar\u0131nlar\u0131m\u0131z\u0131n mimari t\u00fcm kad\u0131nlar\u0131m\u0131za selam olsun. 8 Mart D\u00fcnya Kad\u0131nlar G\u00fcn\u00fc\u2019m\u00fcz kutlu olsun&#8221; ifadelerini kulland\u0131.<\/p>\n<p>Etkinlikten memnuniyet duyduklar\u0131n\u0131 belirten vatanda\u015flar, kendilerini N\u00fckhet Duru ile bulu\u015fturan Ba\u015fkan \u00c7er\u00e7io\u011flu\u2019na te\u015fekk\u00fcr etti.<br \/><\/p>\n","protected":false},"excerpt":{"rendered":"<p>Ayd\u0131n B\u00fcy\u00fck\u015fehir Belediye Ba\u015fkan\u0131 \u00d6zlem \u00c7er\u00e7io\u011flu, 8 Mart D\u00fcnya Kad\u0131nlar G\u00fcn\u00fc\u2019nde d\u00fczenledi\u011fi etkinlikle vatanda\u015flar\u0131 sanat\u00e7\u0131 N\u00fckhet Duru ile bir araya getirdi. Sevilen sanat\u00e7\u0131 N\u00fckhet Duru, Didim Atat\u00fcrk K\u00fclt\u00fcr Merkezi\u2019nde Ayd\u0131nl\u0131larla bulu\u015ftu. Vatanda\u015flar\u0131n yo\u011fun ilgi g\u00f6sterdi\u011fi etkinlik renkli g\u00f6r\u00fcnt\u00fclere sahne oldu. Duru, sevilen eserleri seslendirirken vatanda\u015flar da \u015fark\u0131lara hep bir a\u011f\u0131zdan e\u015flik etti. Ayd\u0131n\u2019da olmaktan b\u00fcy\u00fck&#8230;<\/p>\n","protected":false},"author":1,"featured_media":92828,"comment_status":"open","ping_status":"open","sticky":false,"template":"","format":"standard","meta":{"_crdt_document":"","footnotes":""},"categories":[1],"tags":[],"class_list":["post-92827","post","type-post","status-publish","format-standard","has-post-thumbnail","hentry","category-guncel"],"_links":{"self":[{"href":"https:\/\/www.egemtv.com\/index.php?rest_route=\/wp\/v2\/posts\/92827","targetHints":{"allow":["GET"]}}],"collection":[{"href":"https:\/\/www.egemtv.com\/index.php?rest_route=\/wp\/v2\/posts"}],"about":[{"href":"https:\/\/www.egemtv.com\/index.php?rest_route=\/wp\/v2\/types\/post"}],"author":[{"embeddable":true,"href":"https:\/\/www.egemtv.com\/index.php?rest_route=\/wp\/v2\/users\/1"}],"replies":[{"embeddable":true,"href":"https:\/\/www.egemtv.com\/index.php?rest_route=%2Fwp%2Fv2%2Fcomments&post=92827"}],"version-history":[{"count":1,"href":"https:\/\/www.egemtv.com\/index.php?rest_route=\/wp\/v2\/posts\/92827\/revisions"}],"predecessor-version":[{"id":92829,"href":"https:\/\/www.egemtv.com\/index.php?rest_route=\/wp\/v2\/posts\/92827\/revisions\/92829"}],"wp:featuredmedia":[{"embeddable":true,"href":"https:\/\/www.egemtv.com\/index.php?rest_route=\/wp\/v2\/media\/92828"}],"wp:attachment":[{"href":"https:\/\/www.egemtv.com\/index.php?rest_route=%2Fwp%2Fv2%2Fmedia&parent=92827"}],"wp:term":[{"taxonomy":"category","embeddable":true,"href":"https:\/\/www.egemtv.com\/index.php?rest_route=%2Fwp%2Fv2%2Fcategories&post=92827"},{"taxonomy":"post_tag","embeddable":true,"href":"https:\/\/www.egemtv.com\/index.php?rest_route=%2Fwp%2Fv2%2Ftags&post=92827"}],"curies":[{"name":"wp","href":"https:\/\/api.w.org\/{rel}","templated":true}]}}