{"id":92824,"date":"2026-03-08T23:34:49","date_gmt":"2026-03-08T20:34:49","guid":{"rendered":"https:\/\/www.egemtv.com\/?p=92824"},"modified":"2026-03-08T23:34:50","modified_gmt":"2026-03-08T20:34:50","slug":"datcada-kadinlar-8-mart-icin-dogada-yurudu","status":"publish","type":"post","link":"https:\/\/www.egemtv.com\/?p=92824","title":{"rendered":"Dat\u00e7a\u2019da kad\u0131nlar 8 Mart i\u00e7in do\u011fada y\u00fcr\u00fcd\u00fc"},"content":{"rendered":"<p>Mu\u011fla\u2019n\u0131n Dat\u00e7a il\u00e7esinde 8 Mart D\u00fcnya Kad\u0131nlar G\u00fcn\u00fc dolay\u0131s\u0131yla d\u00fczenlenen etkinlikte, 7 kad\u0131n Knidos Antik Kenti\u2019nden Dat\u00e7a merkeze do\u011fru do\u011fa y\u00fcr\u00fcy\u00fc\u015f\u00fc ger\u00e7ekle\u015ftirdi.<\/p>\n<p>Dat\u00e7a Da\u011fc\u0131l\u0131k ve Do\u011fa Sporlar\u0131 Kul\u00fcb\u00fc (DADADOSK) \u00fcyesi kad\u0131nlardan olu\u015fan grup, yar\u0131madan\u0131n en u\u00e7 noktas\u0131nda yer alan Knidos Antik Kenti\u2019nden ba\u015flayarak zorlu parkurlardan olu\u015fan rotada y\u00fcr\u00fcd\u00fc. Tarihi kal\u0131nt\u0131lar ve ta\u015f basamaklar\u0131n bulundu\u011fu b\u00f6lgede y\u00fcr\u00fcy\u00fc\u015fe ba\u015flayan ekip, Ege ile Akdeniz\u2019in birle\u015fti\u011fi sahil \u015feridinde ilerledi. Do\u011fa ile i\u00e7 i\u00e7e ger\u00e7ekle\u015fen y\u00fcr\u00fcy\u00fc\u015fte kad\u0131nlar, zaman zaman sarp kayal\u0131klar ve dik yama\u00e7lardan olu\u015fan parkurlar\u0131 da a\u015ft\u0131. Yer yer halat yard\u0131m\u0131yla ilerleyen grup, bahar\u0131n geli\u015fiyle \u00e7i\u00e7eklerle kaplanan alanlarda mola verdi. G\u00fcn boyu devam eden y\u00fcr\u00fcy\u00fc\u015f\u00fcn ard\u0131ndan Dat\u00e7a merkeze yakla\u015fan kad\u0131nlar, g\u00fcn bat\u0131m\u0131nda tepelerde hat\u0131ra foto\u011fraf\u0131 \u00e7ektirerek 8 Mart D\u00fcnya Kad\u0131nlar G\u00fcn\u00fc\u2019n\u00fc kutlad\u0131. Kad\u0131nlar\u0131n dayan\u0131\u015fmas\u0131n\u0131 ve do\u011fa sevgisini \u00f6n plana \u00e7\u0131karan etkinlik, Dat\u00e7a Yar\u0131madas\u0131\u2019n\u0131n e\u015fsiz manzaras\u0131 e\u015fli\u011finde tamamland\u0131.<br \/><\/p>\n","protected":false},"excerpt":{"rendered":"<p>Mu\u011fla\u2019n\u0131n Dat\u00e7a il\u00e7esinde 8 Mart D\u00fcnya Kad\u0131nlar G\u00fcn\u00fc dolay\u0131s\u0131yla d\u00fczenlenen etkinlikte, 7 kad\u0131n Knidos Antik Kenti\u2019nden Dat\u00e7a merkeze do\u011fru do\u011fa y\u00fcr\u00fcy\u00fc\u015f\u00fc ger\u00e7ekle\u015ftirdi. Dat\u00e7a Da\u011fc\u0131l\u0131k ve Do\u011fa Sporlar\u0131 Kul\u00fcb\u00fc (DADADOSK) \u00fcyesi kad\u0131nlardan olu\u015fan grup, yar\u0131madan\u0131n en u\u00e7 noktas\u0131nda yer alan Knidos Antik Kenti\u2019nden ba\u015flayarak zorlu parkurlardan olu\u015fan rotada y\u00fcr\u00fcd\u00fc. Tarihi kal\u0131nt\u0131lar ve ta\u015f basamaklar\u0131n bulundu\u011fu b\u00f6lgede&#8230;<\/p>\n","protected":false},"author":1,"featured_media":92825,"comment_status":"open","ping_status":"open","sticky":false,"template":"","format":"standard","meta":{"_crdt_document":"","footnotes":""},"categories":[1],"tags":[],"class_list":["post-92824","post","type-post","status-publish","format-standard","has-post-thumbnail","hentry","category-guncel"],"_links":{"self":[{"href":"https:\/\/www.egemtv.com\/index.php?rest_route=\/wp\/v2\/posts\/92824","targetHints":{"allow":["GET"]}}],"collection":[{"href":"https:\/\/www.egemtv.com\/index.php?rest_route=\/wp\/v2\/posts"}],"about":[{"href":"https:\/\/www.egemtv.com\/index.php?rest_route=\/wp\/v2\/types\/post"}],"author":[{"embeddable":true,"href":"https:\/\/www.egemtv.com\/index.php?rest_route=\/wp\/v2\/users\/1"}],"replies":[{"embeddable":true,"href":"https:\/\/www.egemtv.com\/index.php?rest_route=%2Fwp%2Fv2%2Fcomments&post=92824"}],"version-history":[{"count":1,"href":"https:\/\/www.egemtv.com\/index.php?rest_route=\/wp\/v2\/posts\/92824\/revisions"}],"predecessor-version":[{"id":92826,"href":"https:\/\/www.egemtv.com\/index.php?rest_route=\/wp\/v2\/posts\/92824\/revisions\/92826"}],"wp:featuredmedia":[{"embeddable":true,"href":"https:\/\/www.egemtv.com\/index.php?rest_route=\/wp\/v2\/media\/92825"}],"wp:attachment":[{"href":"https:\/\/www.egemtv.com\/index.php?rest_route=%2Fwp%2Fv2%2Fmedia&parent=92824"}],"wp:term":[{"taxonomy":"category","embeddable":true,"href":"https:\/\/www.egemtv.com\/index.php?rest_route=%2Fwp%2Fv2%2Fcategories&post=92824"},{"taxonomy":"post_tag","embeddable":true,"href":"https:\/\/www.egemtv.com\/index.php?rest_route=%2Fwp%2Fv2%2Ftags&post=92824"}],"curies":[{"name":"wp","href":"https:\/\/api.w.org\/{rel}","templated":true}]}}