{"id":92821,"date":"2026-03-08T23:34:48","date_gmt":"2026-03-08T20:34:48","guid":{"rendered":"https:\/\/www.egemtv.com\/?p=92821"},"modified":"2026-03-08T23:34:49","modified_gmt":"2026-03-08T20:34:49","slug":"sefer-yilmaz-hakemleri-bugun-ozellikle-tebrik-ediyoruz-sovlarini-cok-guzel-yaptilar","status":"publish","type":"post","link":"https:\/\/www.egemtv.com\/?p=92821","title":{"rendered":"Sefer Y\u0131lmaz: &#8220;Hakemleri bug\u00fcn \u00f6zellikle tebrik ediyoruz, \u015fovlar\u0131n\u0131 \u00e7ok g\u00fczel yapt\u0131lar&#8221;"},"content":{"rendered":"<p>Bodrum FK Teknik Sorumlusu Sefer Y\u0131lmaz, Esenler Erokspor ma\u00e7\u0131n\u0131n ard\u0131ndan, &#8220;Hakemleri bug\u00fcn \u00f6zellikle tebrik ediyoruz, \u015fovlar\u0131n\u0131 \u00e7ok g\u00fczel yapt\u0131lar&#8221; dedi.<br \/>\n<br \/>Trendyol 1. Lig\u2019in 29. haftas\u0131nda Bodrum FK, sahas\u0131nda Esenler Erokspor\u2019a 4-3 ma\u011flup oldu. Ma\u00e7\u0131n ard\u0131ndan d\u00fczenlenen bas\u0131n toplant\u0131s\u0131nda Bodrum FK Teknik Sorumlusu Sefer Y\u0131lmaz, a\u00e7\u0131klamalarda bulundu. Y\u0131lmaz, &#8220;\u00c7ok g\u00fczel, keyifli bir ma\u00e7t\u0131 seyirci ve televizyonlarda ma\u00e7\u0131 izleyenler i\u00e7in. \u00d6ncelikle galip gelen Esenler Erokspor\u2019u tebrik ediyoruz, galibiyetinden dolay\u0131 ama bizim oyuncular\u0131m\u0131z\u0131 da ben \u00f6zellikle tebrik ediyorum, 90 dakika boyunca ma\u00e7\u0131 hi\u00e7 b\u0131rakmad\u0131lar. Geriye d\u00fc\u015ft\u00fcler, 10 ki\u015fi kald\u0131lar; ona ra\u011fmen hatta 100. dakikaya kadar ma\u00e7\u0131 b\u0131rakmadan sonuna kadar sava\u015ft\u0131lar. Onlar\u0131 \u00f6zellikle tebrik ediyoruz. \u00dczg\u00fcn\u00fcz, hak etmedi\u011fimiz bir ma\u011flubiyet ald\u0131k. Tabii bunda baz\u0131 etkenler de vard\u0131, herkes g\u00f6rd\u00fc. Yani biz Bodrumspor olarak ba\u015fkan\u0131m\u0131z, y\u00f6netim kurulu, T\u00fcrk futbolu i\u00e7in elimizden geleni yap\u0131yor; gen\u00e7lere yat\u0131r\u0131m yap\u0131yor, tesisle\u015fme yap\u0131yor. Yani T\u00fcrk futbolunun ileriye gitmesi i\u00e7in \u015fu anda belki de bir numaral\u0131 kul\u00fcp; eme\u011fiyle, vaktini harc\u0131yor ba\u015fkan\u0131m\u0131z, y\u00f6netim kurulu. Ama g\u00f6rmezlikten geliniyor. Sesimizi belki fazla \u00e7\u0131karmad\u0131\u011f\u0131m\u0131z i\u00e7in bizi ezmeye \u00e7al\u0131\u015f\u0131yorlar. Ge\u00e7en sene de bu b\u00f6yle oldu biliyorsunuz, S\u00fcper Lig\u2019den d\u00fc\u015ferken. \u015eu anda da devam ediyor. Ama biz sonuna kadar sava\u015faca\u011f\u0131z. Hakemleri bug\u00fcn \u00f6zellikle tebrik ediyoruz, \u015fovlar\u0131n\u0131 \u00e7ok g\u00fczel yapt\u0131lar. Bodrumspor\u2019un ma\u011flubiyeti i\u00e7in ellerinden geleni yapt\u0131lar. Ama biz bunlarla da sava\u015faca\u011f\u0131z, sonuna kadar devam edece\u011fiz. \u0130n\u015fallah ilk iki ya da \u00fc\u00e7ten \u00e7\u0131kmay\u0131 hedefliyorduk; bundan biraz geride kald\u0131k ama play-off\u2019a kal\u0131p in\u015fallah sonunda mutlu sona ula\u015facak bu tak\u0131m&#8221; diye konu\u015ftu.<br \/><\/p>\n","protected":false},"excerpt":{"rendered":"<p>Bodrum FK Teknik Sorumlusu Sefer Y\u0131lmaz, Esenler Erokspor ma\u00e7\u0131n\u0131n ard\u0131ndan, &#8220;Hakemleri bug\u00fcn \u00f6zellikle tebrik ediyoruz, \u015fovlar\u0131n\u0131 \u00e7ok g\u00fczel yapt\u0131lar&#8221; dedi. Trendyol 1. Lig\u2019in 29. haftas\u0131nda Bodrum FK, sahas\u0131nda Esenler Erokspor\u2019a 4-3 ma\u011flup oldu. Ma\u00e7\u0131n ard\u0131ndan d\u00fczenlenen bas\u0131n toplant\u0131s\u0131nda Bodrum FK Teknik Sorumlusu Sefer Y\u0131lmaz, a\u00e7\u0131klamalarda bulundu. Y\u0131lmaz, &#8220;\u00c7ok g\u00fczel, keyifli bir ma\u00e7t\u0131 seyirci ve televizyonlarda&#8230;<\/p>\n","protected":false},"author":1,"featured_media":92822,"comment_status":"open","ping_status":"open","sticky":false,"template":"","format":"standard","meta":{"_crdt_document":"","footnotes":""},"categories":[4],"tags":[],"class_list":["post-92821","post","type-post","status-publish","format-standard","has-post-thumbnail","hentry","category-spor"],"_links":{"self":[{"href":"https:\/\/www.egemtv.com\/index.php?rest_route=\/wp\/v2\/posts\/92821","targetHints":{"allow":["GET"]}}],"collection":[{"href":"https:\/\/www.egemtv.com\/index.php?rest_route=\/wp\/v2\/posts"}],"about":[{"href":"https:\/\/www.egemtv.com\/index.php?rest_route=\/wp\/v2\/types\/post"}],"author":[{"embeddable":true,"href":"https:\/\/www.egemtv.com\/index.php?rest_route=\/wp\/v2\/users\/1"}],"replies":[{"embeddable":true,"href":"https:\/\/www.egemtv.com\/index.php?rest_route=%2Fwp%2Fv2%2Fcomments&post=92821"}],"version-history":[{"count":1,"href":"https:\/\/www.egemtv.com\/index.php?rest_route=\/wp\/v2\/posts\/92821\/revisions"}],"predecessor-version":[{"id":92823,"href":"https:\/\/www.egemtv.com\/index.php?rest_route=\/wp\/v2\/posts\/92821\/revisions\/92823"}],"wp:featuredmedia":[{"embeddable":true,"href":"https:\/\/www.egemtv.com\/index.php?rest_route=\/wp\/v2\/media\/92822"}],"wp:attachment":[{"href":"https:\/\/www.egemtv.com\/index.php?rest_route=%2Fwp%2Fv2%2Fmedia&parent=92821"}],"wp:term":[{"taxonomy":"category","embeddable":true,"href":"https:\/\/www.egemtv.com\/index.php?rest_route=%2Fwp%2Fv2%2Fcategories&post=92821"},{"taxonomy":"post_tag","embeddable":true,"href":"https:\/\/www.egemtv.com\/index.php?rest_route=%2Fwp%2Fv2%2Ftags&post=92821"}],"curies":[{"name":"wp","href":"https:\/\/api.w.org\/{rel}","templated":true}]}}