{"id":92818,"date":"2026-03-08T23:34:47","date_gmt":"2026-03-08T20:34:47","guid":{"rendered":"https:\/\/www.egemtv.com\/?p=92818"},"modified":"2026-03-08T23:34:48","modified_gmt":"2026-03-08T20:34:48","slug":"buharkentte-8-martta-kadinlar-unutulmadi","status":"publish","type":"post","link":"https:\/\/www.egemtv.com\/?p=92818","title":{"rendered":"Buharkent\u2019te 8 Mart\u2019ta kad\u0131nlar unutulmad\u0131"},"content":{"rendered":"<p>Buharkent Belediye Ba\u015fkan\u0131 Mehmet Erol, 8 Mart D\u00fcnya Kad\u0131nlar G\u00fcn\u00fc dolay\u0131s\u0131yla il\u00e7ede \u00e7e\u015fitli ziyaretlerde bulundu.<\/p>\n<p>Buharkent Belediye Ba\u015fkan\u0131 Mehmet Erol ve beraberindeki heyet ilk olarak il\u00e7ede incir fidan\u0131 dikimi i\u00e7in tarlada emek veren kad\u0131nlar\u0131 ziyaret ederek Kad\u0131nlar G\u00fcn\u00fc\u2019n\u00fc kutlad\u0131. \u00dcretimin ve tar\u0131msal eme\u011fin \u00f6nemli bir par\u00e7as\u0131 olan kad\u0131nlarla sohbet eden Erol, emekleri ve katk\u0131lar\u0131 dolay\u0131s\u0131yla te\u015fekk\u00fcr etti.<\/p>\n<p>\u0130l\u00e7e hastanesini ziyaret etti<br \/>\n<br \/>Program kapsam\u0131nda daha sonra Buharkent Devlet Hastanesi\u2019nde g\u00f6rev yapan sa\u011fl\u0131k \u00e7al\u0131\u015fanlar\u0131 ziyaret edilerek 8 Mart D\u00fcnya Kad\u0131nlar G\u00fcn\u00fc dolay\u0131s\u0131yla \u00e7i\u00e7ek takdim edildi. Heyet, ard\u0131ndan il\u00e7e \u00e7ar\u015f\u0131s\u0131nda kad\u0131n esnaflar\u0131 da ziyaret ederek g\u00fcnlerini kutlad\u0131.<\/p>\n<p>&#8220;8 Mart D\u00fcnya Kad\u0131nlar G\u00fcn\u00fc\u2019n\u00fc kutluyorum&#8221;<br \/>\n<br \/>Ziyaretlerde konu\u015fan Buharkent Belediye Ba\u015fkan\u0131 Mehmet Erol, kad\u0131nlar\u0131n toplumun her alan\u0131nda \u00f6nemli bir rol \u00fcstlendi\u011fini belirterek, &#8220;Emekleri, \u00fcretkenlikleri ve fedak\u00e2rl\u0131klar\u0131yla hayat\u0131n her alan\u0131nda de\u011fer katan t\u00fcm kad\u0131nlar\u0131m\u0131z\u0131n 8 Mart D\u00fcnya Kad\u0131nlar G\u00fcn\u00fc\u2019n\u00fc kutluyorum&#8221; dedi.<\/p>\n<p>Ziyaretlerde Ba\u015fkan Erol\u2019a AK Parti Buharkent \u0130l\u00e7e Ba\u015fkan\u0131 Ali Bal\u0131k\u00e7\u0131, Kad\u0131n Kollar\u0131 Ba\u015fkan\u0131 Sultan Parmaks\u0131z, Gen\u00e7lik Kollar\u0131 Ba\u015fkan\u0131 Murat Deniz, belediye meclis \u00fcyeleri ve te\u015fkilat mensuplar\u0131 e\u015flik etti.<br \/><\/p>\n","protected":false},"excerpt":{"rendered":"<p>Buharkent Belediye Ba\u015fkan\u0131 Mehmet Erol, 8 Mart D\u00fcnya Kad\u0131nlar G\u00fcn\u00fc dolay\u0131s\u0131yla il\u00e7ede \u00e7e\u015fitli ziyaretlerde bulundu. Buharkent Belediye Ba\u015fkan\u0131 Mehmet Erol ve beraberindeki heyet ilk olarak il\u00e7ede incir fidan\u0131 dikimi i\u00e7in tarlada emek veren kad\u0131nlar\u0131 ziyaret ederek Kad\u0131nlar G\u00fcn\u00fc\u2019n\u00fc kutlad\u0131. \u00dcretimin ve tar\u0131msal eme\u011fin \u00f6nemli bir par\u00e7as\u0131 olan kad\u0131nlarla sohbet eden Erol, emekleri ve katk\u0131lar\u0131 dolay\u0131s\u0131yla&#8230;<\/p>\n","protected":false},"author":1,"featured_media":92819,"comment_status":"open","ping_status":"open","sticky":false,"template":"","format":"standard","meta":{"_crdt_document":"","footnotes":""},"categories":[1],"tags":[],"class_list":["post-92818","post","type-post","status-publish","format-standard","has-post-thumbnail","hentry","category-guncel"],"_links":{"self":[{"href":"https:\/\/www.egemtv.com\/index.php?rest_route=\/wp\/v2\/posts\/92818","targetHints":{"allow":["GET"]}}],"collection":[{"href":"https:\/\/www.egemtv.com\/index.php?rest_route=\/wp\/v2\/posts"}],"about":[{"href":"https:\/\/www.egemtv.com\/index.php?rest_route=\/wp\/v2\/types\/post"}],"author":[{"embeddable":true,"href":"https:\/\/www.egemtv.com\/index.php?rest_route=\/wp\/v2\/users\/1"}],"replies":[{"embeddable":true,"href":"https:\/\/www.egemtv.com\/index.php?rest_route=%2Fwp%2Fv2%2Fcomments&post=92818"}],"version-history":[{"count":1,"href":"https:\/\/www.egemtv.com\/index.php?rest_route=\/wp\/v2\/posts\/92818\/revisions"}],"predecessor-version":[{"id":92820,"href":"https:\/\/www.egemtv.com\/index.php?rest_route=\/wp\/v2\/posts\/92818\/revisions\/92820"}],"wp:featuredmedia":[{"embeddable":true,"href":"https:\/\/www.egemtv.com\/index.php?rest_route=\/wp\/v2\/media\/92819"}],"wp:attachment":[{"href":"https:\/\/www.egemtv.com\/index.php?rest_route=%2Fwp%2Fv2%2Fmedia&parent=92818"}],"wp:term":[{"taxonomy":"category","embeddable":true,"href":"https:\/\/www.egemtv.com\/index.php?rest_route=%2Fwp%2Fv2%2Fcategories&post=92818"},{"taxonomy":"post_tag","embeddable":true,"href":"https:\/\/www.egemtv.com\/index.php?rest_route=%2Fwp%2Fv2%2Ftags&post=92818"}],"curies":[{"name":"wp","href":"https:\/\/api.w.org\/{rel}","templated":true}]}}