{"id":92809,"date":"2026-03-08T21:54:42","date_gmt":"2026-03-08T18:54:42","guid":{"rendered":"https:\/\/www.egemtv.com\/?p=92809"},"modified":"2026-03-08T21:54:43","modified_gmt":"2026-03-08T18:54:43","slug":"meseli-mahalle-muhtari-yavuzdan-kadinlara-8-mart-jesti","status":"publish","type":"post","link":"https:\/\/www.egemtv.com\/?p=92809","title":{"rendered":"Me\u015feli Mahalle Muhtar\u0131 Yavuz\u2019dan Kad\u0131nlara 8 Mart jesti"},"content":{"rendered":"<p>Germencik\u2019e ba\u011fl\u0131 Me\u015feli Mahallesi Muhtar\u0131 B\u00fclent Yavuz, D\u00fcnya Emek\u00e7i Kad\u0131nlar G\u00fcn\u00fc dolay\u0131s\u0131yla mahalledeki kad\u0131nlar\u0131 unutmad\u0131.<\/p>\n<p>Me\u015feli Mahalle Muhtar\u0131 B\u00fclent Yavuz, 8 Mart D\u00fcnya Emek\u00e7i Kad\u0131nlar G\u00fcn\u00fc kapsam\u0131nda Me\u015feli Mahallesi\u2019nde ya\u015fayan kad\u0131nlar\u0131 ziyaret ederek her birine karanfil takdim etti ve g\u00fcnlerini kutlad\u0131. Kad\u0131nlar\u0131n toplumdaki eme\u011fine ve de\u011ferine dikkat \u00e7eken Yavuz, kad\u0131nlar\u0131n hayat\u0131n her alan\u0131nda b\u00fcy\u00fck bir fedak\u00e2rl\u0131kla yer ald\u0131\u011f\u0131n\u0131 belirtti. Mahallede ya\u015fayan kad\u0131nlarla sohbet eden Muhtar Yavuz, &#8220;Kad\u0131nlar\u0131m\u0131z hayat\u0131n her alan\u0131nda emekleriyle, sab\u0131rlar\u0131yla ve sevgileriyle toplumun temel dire\u011fidir. 8 Mart D\u00fcnya Emek\u00e7i Kad\u0131nlar G\u00fcn\u00fc vesilesiyle mahallemizdeki t\u00fcm kad\u0131nlar\u0131m\u0131z\u0131n g\u00fcn\u00fcn\u00fc kutlamak istedik&#8221; dedi.<\/p>\n<p>Karanfil jesti mahalledeki kad\u0131nlar taraf\u0131ndan memnuniyetle kar\u015f\u0131lan\u0131rken, Me\u015feli Mahallesi\u2019nde 8 Mart dolay\u0131s\u0131yla s\u0131cak ve anlaml\u0131 g\u00f6r\u00fcnt\u00fcler ya\u015fand\u0131.<br \/><\/p>\n","protected":false},"excerpt":{"rendered":"<p>Germencik\u2019e ba\u011fl\u0131 Me\u015feli Mahallesi Muhtar\u0131 B\u00fclent Yavuz, D\u00fcnya Emek\u00e7i Kad\u0131nlar G\u00fcn\u00fc dolay\u0131s\u0131yla mahalledeki kad\u0131nlar\u0131 unutmad\u0131. Me\u015feli Mahalle Muhtar\u0131 B\u00fclent Yavuz, 8 Mart D\u00fcnya Emek\u00e7i Kad\u0131nlar G\u00fcn\u00fc kapsam\u0131nda Me\u015feli Mahallesi\u2019nde ya\u015fayan kad\u0131nlar\u0131 ziyaret ederek her birine karanfil takdim etti ve g\u00fcnlerini kutlad\u0131. Kad\u0131nlar\u0131n toplumdaki eme\u011fine ve de\u011ferine dikkat \u00e7eken Yavuz, kad\u0131nlar\u0131n hayat\u0131n her alan\u0131nda b\u00fcy\u00fck bir&#8230;<\/p>\n","protected":false},"author":1,"featured_media":92810,"comment_status":"open","ping_status":"open","sticky":false,"template":"","format":"standard","meta":{"_crdt_document":"","footnotes":""},"categories":[1],"tags":[],"class_list":["post-92809","post","type-post","status-publish","format-standard","has-post-thumbnail","hentry","category-guncel"],"_links":{"self":[{"href":"https:\/\/www.egemtv.com\/index.php?rest_route=\/wp\/v2\/posts\/92809","targetHints":{"allow":["GET"]}}],"collection":[{"href":"https:\/\/www.egemtv.com\/index.php?rest_route=\/wp\/v2\/posts"}],"about":[{"href":"https:\/\/www.egemtv.com\/index.php?rest_route=\/wp\/v2\/types\/post"}],"author":[{"embeddable":true,"href":"https:\/\/www.egemtv.com\/index.php?rest_route=\/wp\/v2\/users\/1"}],"replies":[{"embeddable":true,"href":"https:\/\/www.egemtv.com\/index.php?rest_route=%2Fwp%2Fv2%2Fcomments&post=92809"}],"version-history":[{"count":1,"href":"https:\/\/www.egemtv.com\/index.php?rest_route=\/wp\/v2\/posts\/92809\/revisions"}],"predecessor-version":[{"id":92811,"href":"https:\/\/www.egemtv.com\/index.php?rest_route=\/wp\/v2\/posts\/92809\/revisions\/92811"}],"wp:featuredmedia":[{"embeddable":true,"href":"https:\/\/www.egemtv.com\/index.php?rest_route=\/wp\/v2\/media\/92810"}],"wp:attachment":[{"href":"https:\/\/www.egemtv.com\/index.php?rest_route=%2Fwp%2Fv2%2Fmedia&parent=92809"}],"wp:term":[{"taxonomy":"category","embeddable":true,"href":"https:\/\/www.egemtv.com\/index.php?rest_route=%2Fwp%2Fv2%2Fcategories&post=92809"},{"taxonomy":"post_tag","embeddable":true,"href":"https:\/\/www.egemtv.com\/index.php?rest_route=%2Fwp%2Fv2%2Ftags&post=92809"}],"curies":[{"name":"wp","href":"https:\/\/api.w.org\/{rel}","templated":true}]}}