{"id":92806,"date":"2026-03-08T21:54:40","date_gmt":"2026-03-08T18:54:40","guid":{"rendered":"https:\/\/www.egemtv.com\/?p=92806"},"modified":"2026-03-08T21:54:41","modified_gmt":"2026-03-08T18:54:41","slug":"baskan-cercioglu-ramazan-ayinin-bereketini-aydinin-dort-bir-yanina-tasimayi-surduruyor","status":"publish","type":"post","link":"https:\/\/www.egemtv.com\/?p=92806","title":{"rendered":"Ba\u015fkan \u00c7er\u00e7io\u011flu Ramazan ay\u0131n\u0131n bereketini Ayd\u0131n\u2019\u0131n d\u00f6rt bir yan\u0131na ta\u015f\u0131may\u0131 s\u00fcrd\u00fcr\u00fcyor"},"content":{"rendered":"<p>Ayd\u0131n B\u00fcy\u00fck\u015fehir Belediyesi, Ramazan ay\u0131n\u0131n bereketini kurdu\u011fu iftar sofralar\u0131 ile Ayd\u0131n\u2019\u0131n d\u00f6rt bir yan\u0131na ta\u015f\u0131may\u0131 s\u00fcrd\u00fcr\u00fcyor.<\/p>\n<p>Ayd\u0131n B\u00fcy\u00fck\u015fehir Belediyesi taraf\u0131ndan kurulan g\u00f6n\u00fcl sofralar\u0131nda her g\u00fcn binlerce vatanda\u015f bir araya gelerek oru\u00e7lar\u0131n\u0131 birlikte a\u00e7\u0131yor. Her g\u00fcn farkl\u0131 noktalarda kurulan iftar sofralar\u0131, Ramazan ay\u0131n\u0131n birlik ve beraberlik atmosferini kentin d\u00f6rt bir yan\u0131na ta\u015f\u0131yor. B\u00fcy\u00fck\u015fehir Belediyesi\u2019nin iftar sofralar\u0131 bug\u00fcn de Efeler il\u00e7esinde Atat\u00fcrk Kent Meydan\u0131 ve Adnan Menderes Mahallesi\u2019nde, \u0130ncirliova il\u00e7esinde Cumhuriyet Meydan\u0131\u2019nda, Nazilli il\u00e7esinde Muammer Aksoy Mahallesi\u2019nde, Germencik il\u00e7esinde Ortaklar Mahallesi\u2019nde, Ko\u00e7arl\u0131 il\u00e7esinde Ba\u011fc\u0131lar Mahallesi\u2019nde ve K\u00f6\u015fk il\u00e7esinde Beyk\u00f6y Mahallesi\u2019nde kuruldu.<\/p>\n<p>Kurulan iftar sofralar\u0131nda binlerce vatanda\u015f ayn\u0131 sofrada bulu\u015farak oru\u00e7lar\u0131n\u0131 a\u00e7t\u0131. Mahallelerinde kurulan sofralarda bir araya gelen vatanda\u015flar, Ramazan ay\u0131n\u0131n birlik ve beraberlik duygusunu hep birlikte ya\u015fad\u0131klar\u0131n\u0131 ifade ederek Ayd\u0131n B\u00fcy\u00fck\u015fehir Belediye Ba\u015fkan\u0131 \u00d6zlem \u00c7er\u00e7io\u011flu\u2019na te\u015fekk\u00fcr etti.<\/p>\n<p>Ayd\u0131n B\u00fcy\u00fck\u015fehir Belediyesi, Ramazan ay\u0131 boyunca kentin farkl\u0131 noktalar\u0131nda kuraca\u011f\u0131 iftar sofralar\u0131yla vatanda\u015flar\u0131 bulu\u015fturmaya devam edecek.<br \/><\/p>\n","protected":false},"excerpt":{"rendered":"<p>Ayd\u0131n B\u00fcy\u00fck\u015fehir Belediyesi, Ramazan ay\u0131n\u0131n bereketini kurdu\u011fu iftar sofralar\u0131 ile Ayd\u0131n\u2019\u0131n d\u00f6rt bir yan\u0131na ta\u015f\u0131may\u0131 s\u00fcrd\u00fcr\u00fcyor. Ayd\u0131n B\u00fcy\u00fck\u015fehir Belediyesi taraf\u0131ndan kurulan g\u00f6n\u00fcl sofralar\u0131nda her g\u00fcn binlerce vatanda\u015f bir araya gelerek oru\u00e7lar\u0131n\u0131 birlikte a\u00e7\u0131yor. Her g\u00fcn farkl\u0131 noktalarda kurulan iftar sofralar\u0131, Ramazan ay\u0131n\u0131n birlik ve beraberlik atmosferini kentin d\u00f6rt bir yan\u0131na ta\u015f\u0131yor. B\u00fcy\u00fck\u015fehir Belediyesi\u2019nin iftar sofralar\u0131&#8230;<\/p>\n","protected":false},"author":1,"featured_media":92807,"comment_status":"open","ping_status":"open","sticky":false,"template":"","format":"standard","meta":{"_crdt_document":"","footnotes":""},"categories":[1],"tags":[],"class_list":["post-92806","post","type-post","status-publish","format-standard","has-post-thumbnail","hentry","category-guncel"],"_links":{"self":[{"href":"https:\/\/www.egemtv.com\/index.php?rest_route=\/wp\/v2\/posts\/92806","targetHints":{"allow":["GET"]}}],"collection":[{"href":"https:\/\/www.egemtv.com\/index.php?rest_route=\/wp\/v2\/posts"}],"about":[{"href":"https:\/\/www.egemtv.com\/index.php?rest_route=\/wp\/v2\/types\/post"}],"author":[{"embeddable":true,"href":"https:\/\/www.egemtv.com\/index.php?rest_route=\/wp\/v2\/users\/1"}],"replies":[{"embeddable":true,"href":"https:\/\/www.egemtv.com\/index.php?rest_route=%2Fwp%2Fv2%2Fcomments&post=92806"}],"version-history":[{"count":1,"href":"https:\/\/www.egemtv.com\/index.php?rest_route=\/wp\/v2\/posts\/92806\/revisions"}],"predecessor-version":[{"id":92808,"href":"https:\/\/www.egemtv.com\/index.php?rest_route=\/wp\/v2\/posts\/92806\/revisions\/92808"}],"wp:featuredmedia":[{"embeddable":true,"href":"https:\/\/www.egemtv.com\/index.php?rest_route=\/wp\/v2\/media\/92807"}],"wp:attachment":[{"href":"https:\/\/www.egemtv.com\/index.php?rest_route=%2Fwp%2Fv2%2Fmedia&parent=92806"}],"wp:term":[{"taxonomy":"category","embeddable":true,"href":"https:\/\/www.egemtv.com\/index.php?rest_route=%2Fwp%2Fv2%2Fcategories&post=92806"},{"taxonomy":"post_tag","embeddable":true,"href":"https:\/\/www.egemtv.com\/index.php?rest_route=%2Fwp%2Fv2%2Ftags&post=92806"}],"curies":[{"name":"wp","href":"https:\/\/api.w.org\/{rel}","templated":true}]}}