{"id":92803,"date":"2026-03-08T20:58:35","date_gmt":"2026-03-08T17:58:35","guid":{"rendered":"https:\/\/www.egemtv.com\/?p=92803"},"modified":"2026-03-08T20:58:36","modified_gmt":"2026-03-08T17:58:36","slug":"afyonkarahisarda-tir-yolcu-minibusune-carpti-11-yarali","status":"publish","type":"post","link":"https:\/\/www.egemtv.com\/?p=92803","title":{"rendered":"Afyonkarahisar\u2019da t\u0131r yolcu minib\u00fcs\u00fcne \u00e7arpt\u0131: 11 yaral\u0131"},"content":{"rendered":"<p>Afyonkarahisar\u2019da t\u0131r\u0131n yolcu minib\u00fcs\u00fcne arkadan \u00e7arpt\u0131\u011f\u0131 trafik kazas\u0131nda 11 ki\u015fi yaraland\u0131.<br \/>\n<br \/>Kaza, Sultanda\u011f\u0131 il\u00e7esi \u00c7am\u00f6z\u00fc k\u00f6y\u00fc yak\u0131nlar\u0131nda meydana geldi. Edinilen bilgilere g\u00f6re, G\u00fcven Ak\u015fehir firmasina ait yolcu minib\u00fcs\u00fc yol kenar\u0131nda yolcu indirmek istedi\u011fi esnada araca arkadan gelen ve s\u00fcr\u00fcc\u00fcs\u00fcn\u00fcn ismi belirlenemeyen 42 BEA 525 plakal\u0131 t\u0131r \u00e7arpt\u0131. Kazada 11 ki\u015fi yaraland\u0131. Yaral\u0131lar kaza sonras\u0131 ihbar\u0131 \u00fczerine b\u00f6lgeye gelen ambulanslarla hastanelere kald\u0131r\u0131ld\u0131.<br \/>\n<br \/>Kaza sonras\u0131 ara\u00e7lar\u0131n yoldan kald\u0131r\u0131lmas\u0131 i\u00e7in yo\u011fun u\u011fra\u015f verilirken bu esnada Afyonkarahisar-Konya karayolunun bir y\u00f6n\u00fc yakla\u015f\u0131k 20 dakika trafi\u011fe kapat\u0131ld\u0131. Ara\u00e7lar\u0131n kald\u0131r\u0131lmas\u0131n\u0131n ard\u0131ndan yoldaki trafik normale d\u00f6nd\u00fc.<br \/>\n<br \/>Kazan\u0131n ard\u0131ndan jandarma taraf\u0131ndan inceleme ba\u015flat\u0131ld\u0131.<br \/><\/p>\n","protected":false},"excerpt":{"rendered":"<p>Afyonkarahisar\u2019da t\u0131r\u0131n yolcu minib\u00fcs\u00fcne arkadan \u00e7arpt\u0131\u011f\u0131 trafik kazas\u0131nda 11 ki\u015fi yaraland\u0131. Kaza, Sultanda\u011f\u0131 il\u00e7esi \u00c7am\u00f6z\u00fc k\u00f6y\u00fc yak\u0131nlar\u0131nda meydana geldi. Edinilen bilgilere g\u00f6re, G\u00fcven Ak\u015fehir firmasina ait yolcu minib\u00fcs\u00fc yol kenar\u0131nda yolcu indirmek istedi\u011fi esnada araca arkadan gelen ve s\u00fcr\u00fcc\u00fcs\u00fcn\u00fcn ismi belirlenemeyen 42 BEA 525 plakal\u0131 t\u0131r \u00e7arpt\u0131. Kazada 11 ki\u015fi yaraland\u0131. Yaral\u0131lar kaza sonras\u0131 ihbar\u0131&#8230;<\/p>\n","protected":false},"author":1,"featured_media":92804,"comment_status":"open","ping_status":"open","sticky":false,"template":"","format":"standard","meta":{"_crdt_document":"","footnotes":""},"categories":[5],"tags":[],"class_list":["post-92803","post","type-post","status-publish","format-standard","has-post-thumbnail","hentry","category-asayis"],"_links":{"self":[{"href":"https:\/\/www.egemtv.com\/index.php?rest_route=\/wp\/v2\/posts\/92803","targetHints":{"allow":["GET"]}}],"collection":[{"href":"https:\/\/www.egemtv.com\/index.php?rest_route=\/wp\/v2\/posts"}],"about":[{"href":"https:\/\/www.egemtv.com\/index.php?rest_route=\/wp\/v2\/types\/post"}],"author":[{"embeddable":true,"href":"https:\/\/www.egemtv.com\/index.php?rest_route=\/wp\/v2\/users\/1"}],"replies":[{"embeddable":true,"href":"https:\/\/www.egemtv.com\/index.php?rest_route=%2Fwp%2Fv2%2Fcomments&post=92803"}],"version-history":[{"count":1,"href":"https:\/\/www.egemtv.com\/index.php?rest_route=\/wp\/v2\/posts\/92803\/revisions"}],"predecessor-version":[{"id":92805,"href":"https:\/\/www.egemtv.com\/index.php?rest_route=\/wp\/v2\/posts\/92803\/revisions\/92805"}],"wp:featuredmedia":[{"embeddable":true,"href":"https:\/\/www.egemtv.com\/index.php?rest_route=\/wp\/v2\/media\/92804"}],"wp:attachment":[{"href":"https:\/\/www.egemtv.com\/index.php?rest_route=%2Fwp%2Fv2%2Fmedia&parent=92803"}],"wp:term":[{"taxonomy":"category","embeddable":true,"href":"https:\/\/www.egemtv.com\/index.php?rest_route=%2Fwp%2Fv2%2Fcategories&post=92803"},{"taxonomy":"post_tag","embeddable":true,"href":"https:\/\/www.egemtv.com\/index.php?rest_route=%2Fwp%2Fv2%2Ftags&post=92803"}],"curies":[{"name":"wp","href":"https:\/\/api.w.org\/{rel}","templated":true}]}}