{"id":92800,"date":"2026-03-08T19:54:59","date_gmt":"2026-03-08T16:54:59","guid":{"rendered":"https:\/\/www.egemtv.com\/?p=92800"},"modified":"2026-03-08T19:55:00","modified_gmt":"2026-03-08T16:55:00","slug":"tzob-genel-baskani-bayraktar-afetler-tarimi-vurdu-ciftci-destek-bekliyor","status":"publish","type":"post","link":"https:\/\/www.egemtv.com\/?p=92800","title":{"rendered":"TZOB Genel Ba\u015fkan\u0131 Bayraktar: &#8220;Afetler tar\u0131m\u0131 vurdu, \u00e7ift\u00e7i destek bekliyor&#8221;"},"content":{"rendered":"<p>T\u00fcrkiye Ziraat Odalar\u0131 Birli\u011fi (TZOB) Genel Ba\u015fkan\u0131 \u015eemsi Bayraktar, a\u015f\u0131r\u0131 ya\u011f\u0131\u015flar\u0131n tar\u0131m alanlar\u0131nda olu\u015fturdu\u011fu zarar\u0131 incelemek \u00fczere Ayd\u0131n\u2019a geldi. Bayraktar, &#8220;Afetler tar\u0131m\u0131 vurdu, \u00e7ift\u00e7i destek bekliyor&#8221; dedi.<br \/>\n<br \/>Program\u0131 kapsam\u0131nda ilk olarak S\u00f6ke Ziraat Odas\u0131\u2019n\u0131 ziyaret eden Bayraktar, \u00fcreticilerin ya\u015fad\u0131\u011f\u0131 kay\u0131plarla ilgili kapsaml\u0131 de\u011ferlendirmelerde bulundu. Ziyarete Ayd\u0131n Ziraat Odalar\u0131 Koordinasyon Kurulu Ba\u015fkan\u0131 Mehmet Kendirlio\u011flu, il\u00e7e ziraat odas\u0131 ba\u015fkanlar\u0131 ve TARS\u0130M Y\u00f6netim Kurulu \u00dcyesi Mevl\u00fct G\u00fcm\u00fc\u015f de kat\u0131ld\u0131.<\/p>\n<p>&#8220;Ayd\u0131n\u2019da g\u00f6r\u00fclmemi\u015f ta\u015fk\u0131nlar ya\u015fand\u0131&#8221;<br \/>\n<br \/>Ayd\u0131n Ziraat Odalar\u0131 Koordinasyon Kurulu Ba\u015fkan\u0131 Mehmet Kendirlio\u011flu, son haftalarda ya\u015fanan afetlerin b\u00f6lge \u00e7ift\u00e7isini ciddi \u015fekilde etkiledi\u011fini s\u00f6yledi. Kendirlio\u011flu, uzun y\u0131llard\u0131r g\u00f6r\u00fclmeyen b\u00fcy\u00fckl\u00fckte ta\u015fk\u0131nlar\u0131n meydana geldi\u011fini belirterek, &#8220;Son haftalarda Ayd\u0131n\u2019da \u00e7ok ciddi ta\u015fk\u0131nlar ya\u015fand\u0131. Ekili ve ekili olmayan bir\u00e7ok tar\u0131m arazisi su alt\u0131nda kald\u0131. K\u00fc\u00e7\u00fckba\u015f hayvanlar\u0131m\u0131z telef oldu, seralarda \u00fcretim yapan \u00e7ilek \u00fcreticilerimiz b\u00fcy\u00fck zarar g\u00f6rd\u00fc. Don, kurakl\u0131k ve ard\u0131ndan gelen bu afetler \u00fcreticilerimizi adeta \u00e7\u0131kmaza soktu. Say\u0131n Genel Ba\u015fkan\u0131m\u0131z \u015eemsi Bayraktar\u2019\u0131n b\u00f6lgemize gelerek \u00e7ift\u00e7ilerimizin sorunlar\u0131n\u0131 yerinde g\u00f6rmesi bizim i\u00e7in \u00e7ok \u00f6nemli&#8221; dedi.<\/p>\n<p>246 k\u00f6yde binlerce \u00fcretici etkilendi<br \/>\n<br \/>TZOB Genel Ba\u015fkan\u0131 \u015eemsi Bayraktar ise yapt\u0131\u011f\u0131 a\u00e7\u0131klamada, T\u00fcrkiye\u2019de do\u011fal afetlerin tar\u0131m \u00fczerindeki etkisinin her ge\u00e7en y\u0131l artt\u0131\u011f\u0131n\u0131 vurgulad\u0131. Bayraktar, ge\u00e7en y\u0131l \u00fclke genelinde don ve kurakl\u0131k ba\u015fta olmak \u00fczere yakla\u015f\u0131k bin 300 do\u011fal afetin \u00fcreticileri etkiledi\u011fini hat\u0131rlatarak, bu y\u0131l da farkl\u0131 b\u00f6lgelerde sel felaketleriyle kar\u015f\u0131 kar\u015f\u0131ya kal\u0131nd\u0131\u011f\u0131n\u0131 s\u00f6yledi. Ayd\u0131n\u2019da Ocak ve \u015eubat aylar\u0131nda ya\u015fanan f\u0131rt\u0131na, hortum ve sel afetlerinin ciddi zarar olu\u015fturdu\u011funu belirten Bayraktar, \u00f6n hasar tespitlerine g\u00f6re; 13 il\u00e7ede 246 k\u00f6yde 3 bin 750 \u00fcreticiye ait 164 bin 800 dekar tar\u0131m arazisi ve 43 dekar \u00f6rt\u00fc alt\u0131 \u00fcretim alan\u0131n\u0131n afetlerden etkilendi\u011fini a\u00e7\u0131klad\u0131. Ayr\u0131ca afet nedeniyle; 315 ton hasat edilmi\u015f \u00fcr\u00fcn zarar g\u00f6rd\u00fc\u011f\u00fcn\u00fc, 101 tar\u0131m aleti ve makinesi hasar ald\u0131\u011f\u0131n\u0131, 104 tar\u0131msal yap\u0131 zarar g\u00f6rd\u00fc\u011f\u00fcn\u00fc, 100 k\u00fc\u00e7\u00fckba\u015f hayvan telef oldu\u011funu ve bin ar\u0131 kovan\u0131n\u0131n da zarar g\u00f6rd\u00fc\u011f\u00fcn\u00fc kaydetti. Bayraktar, \u00f6zellikle bu\u011fday, arpa, \u00e7avdar, yulaf, \u00e7ilek, enginar ve yem bitkilerinin sel ve ta\u015fk\u0131nlardan b\u00fcy\u00fck \u00f6l\u00e7\u00fcde etkilendi\u011fini ifade etti.<\/p>\n<p>&#8220;Sigortas\u0131 olmayan \u00e7ift\u00e7ilerimizin de desteklenmesi gerekiyor&#8221;<br \/>\n<br \/>Tar\u0131m sekt\u00f6r\u00fcn\u00fcn s\u00fcrd\u00fcr\u00fclebilirli\u011fi i\u00e7in \u00fcreticilerin desteklenmesi gerekti\u011fini belirten Bayraktar, \u00e7ift\u00e7ilere y\u00f6nelik acil ekonomik tedbirlerin al\u0131nmas\u0131 \u00e7a\u011fr\u0131s\u0131nda bulundu. Bayraktar, &#8220;TARS\u0130M\u2019e kay\u0131tl\u0131 \u00fcreticilerin zararlar\u0131n\u0131n kar\u015f\u0131lanmas\u0131 i\u00e7in \u00e7al\u0131\u015fmalar y\u00fcr\u00fct\u00fcl\u00fcyor. Ancak sigortas\u0131 olmayan \u00e7ift\u00e7ilerimizin de desteklenmesi gerekiyor. Banka bor\u00e7lar\u0131n\u0131n faizsiz yap\u0131land\u0131r\u0131lmas\u0131 ve nakit destek sa\u011flanmas\u0131 b\u00fcy\u00fck \u00f6nem ta\u015f\u0131yor. Bu \u00fclkenin g\u0131da g\u00fcvenli\u011fi i\u00e7in \u00e7ift\u00e7imizin ayakta kalmas\u0131 \u015fart&#8221; dedi.<br \/>\n<br \/>Bayraktar ayr\u0131ca b\u00f6lgede ya\u015fanan afetin boyutuna dikkat \u00e7ekerek Ayd\u0131n\u2019\u0131n afet b\u00f6lgesi ilan edilmesi y\u00f6n\u00fcndeki taleplerin hakl\u0131 oldu\u011funu ifade etti.<br \/>\n<br \/>S\u00f6ke Ziraat Odas\u0131 Ba\u015fkan\u0131 Mustafa Tanyeri de, &#8220;Genel Ba\u015fkan\u0131m\u0131z bug\u00fcn S\u00f6ke\u2019ye gelerek \u00e7ift\u00e7ilerimizin ya\u015fad\u0131\u011f\u0131 zarar\u0131 yerinde incelemek ve destek olmak i\u00e7in burada. Kendisine \u00fcreticilerimiz ad\u0131na te\u015fekk\u00fcr ediyoruz&#8221; dedi.<br \/>\n<br \/>Bayraktar, ziyaretin ard\u0131ndan ta\u015fk\u0131ndan etkilenen tar\u0131m arazilerinde saha incelemelerinde bulundu.<br \/><\/p>\n","protected":false},"excerpt":{"rendered":"<p>T\u00fcrkiye Ziraat Odalar\u0131 Birli\u011fi (TZOB) Genel Ba\u015fkan\u0131 \u015eemsi Bayraktar, a\u015f\u0131r\u0131 ya\u011f\u0131\u015flar\u0131n tar\u0131m alanlar\u0131nda olu\u015fturdu\u011fu zarar\u0131 incelemek \u00fczere Ayd\u0131n\u2019a geldi. Bayraktar, &#8220;Afetler tar\u0131m\u0131 vurdu, \u00e7ift\u00e7i destek bekliyor&#8221; dedi. Program\u0131 kapsam\u0131nda ilk olarak S\u00f6ke Ziraat Odas\u0131\u2019n\u0131 ziyaret eden Bayraktar, \u00fcreticilerin ya\u015fad\u0131\u011f\u0131 kay\u0131plarla ilgili kapsaml\u0131 de\u011ferlendirmelerde bulundu. Ziyarete Ayd\u0131n Ziraat Odalar\u0131 Koordinasyon Kurulu Ba\u015fkan\u0131 Mehmet Kendirlio\u011flu, il\u00e7e ziraat&#8230;<\/p>\n","protected":false},"author":1,"featured_media":92801,"comment_status":"open","ping_status":"open","sticky":false,"template":"","format":"standard","meta":{"_crdt_document":"","footnotes":""},"categories":[1],"tags":[],"class_list":["post-92800","post","type-post","status-publish","format-standard","has-post-thumbnail","hentry","category-guncel"],"_links":{"self":[{"href":"https:\/\/www.egemtv.com\/index.php?rest_route=\/wp\/v2\/posts\/92800","targetHints":{"allow":["GET"]}}],"collection":[{"href":"https:\/\/www.egemtv.com\/index.php?rest_route=\/wp\/v2\/posts"}],"about":[{"href":"https:\/\/www.egemtv.com\/index.php?rest_route=\/wp\/v2\/types\/post"}],"author":[{"embeddable":true,"href":"https:\/\/www.egemtv.com\/index.php?rest_route=\/wp\/v2\/users\/1"}],"replies":[{"embeddable":true,"href":"https:\/\/www.egemtv.com\/index.php?rest_route=%2Fwp%2Fv2%2Fcomments&post=92800"}],"version-history":[{"count":1,"href":"https:\/\/www.egemtv.com\/index.php?rest_route=\/wp\/v2\/posts\/92800\/revisions"}],"predecessor-version":[{"id":92802,"href":"https:\/\/www.egemtv.com\/index.php?rest_route=\/wp\/v2\/posts\/92800\/revisions\/92802"}],"wp:featuredmedia":[{"embeddable":true,"href":"https:\/\/www.egemtv.com\/index.php?rest_route=\/wp\/v2\/media\/92801"}],"wp:attachment":[{"href":"https:\/\/www.egemtv.com\/index.php?rest_route=%2Fwp%2Fv2%2Fmedia&parent=92800"}],"wp:term":[{"taxonomy":"category","embeddable":true,"href":"https:\/\/www.egemtv.com\/index.php?rest_route=%2Fwp%2Fv2%2Fcategories&post=92800"},{"taxonomy":"post_tag","embeddable":true,"href":"https:\/\/www.egemtv.com\/index.php?rest_route=%2Fwp%2Fv2%2Ftags&post=92800"}],"curies":[{"name":"wp","href":"https:\/\/api.w.org\/{rel}","templated":true}]}}