{"id":92797,"date":"2026-03-08T19:54:57","date_gmt":"2026-03-08T16:54:57","guid":{"rendered":"https:\/\/www.egemtv.com\/?p=92797"},"modified":"2026-03-08T19:54:58","modified_gmt":"2026-03-08T16:54:58","slug":"kadinlar-gununde-karisini-olduren-sahis-tutuklandi","status":"publish","type":"post","link":"https:\/\/www.egemtv.com\/?p=92797","title":{"rendered":"Kad\u0131nlar G\u00fcn\u00fc\u2019nde kar\u0131s\u0131n\u0131 \u00f6ld\u00fcren \u015fah\u0131s tutukland\u0131"},"content":{"rendered":"<p>Mu\u011fla\u2019n\u0131n Kavakl\u0131dere il\u00e7esinde e\u015fini b\u0131\u00e7aklayarak \u00f6ld\u00fcren \u015fah\u0131s, sevk edildi\u011fi adli makamlarca tutukland\u0131.<br \/>\n<br \/>Olay, \u00c7aml\u0131bel Mahallesi yayla evleri mevkiindeki bir evde gece saatlerinde meydana geldi. Edinilen bilgiye g\u00f6re, A.B. (51) ile e\u015fi Sermin Bacak (42) aras\u0131nda hen\u00fcz belirlenemeyen bir sebeple tart\u0131\u015fma \u00e7\u0131kt\u0131. K\u0131sa s\u00fcrede b\u00fcy\u00fcyen tart\u0131\u015fma b\u0131\u00e7akl\u0131 kavgaya d\u00f6n\u00fc\u015ft\u00fc. Ya\u015fanan bo\u011fu\u015fma s\u0131ras\u0131nda Sermin Bacak, e\u015finin b\u0131\u00e7ak darbesiyle a\u011f\u0131r yaraland\u0131. \u0130hbar \u00fczerine b\u00f6lgeye sa\u011fl\u0131k ve jandarma ekipleri sevk edildi. K\u0131sa s\u00fcrede olay yerine gelen sa\u011fl\u0131k ekipleri yapt\u0131klar\u0131 kontrollerde Bacak\u2019\u0131n hayat\u0131n\u0131 kaybetti\u011fini belirledi. Olay\u0131n ya\u015fand\u0131\u011f\u0131 evde jandarma ve olay yeri inceleme ekipleri detayl\u0131 \u00e7al\u0131\u015fma yaparken, Sermin Bacak\u2019\u0131n cans\u0131z bedeni otopsi yap\u0131lmak \u00fczere Mu\u011fla Adli T\u0131p Kurumu morguna ard\u0131ndan da Fethiye il\u00e7esine g\u00f6nderildi\u011fi ve 9 Mart Pazartesi g\u00fcn\u00fc topra\u011fa verilece\u011fi \u00f6\u011frenildi.<\/p>\n<p>Tutukland\u0131<br \/>\n<br \/>G\u00f6zalt\u0131na al\u0131nan zanl\u0131 A.B.\u2019nin ilk ifadesinde, tart\u0131\u015fma s\u0131ras\u0131nda e\u015finin eline b\u0131\u00e7ak ald\u0131\u011f\u0131n\u0131, kendisinin ise b\u0131\u00e7a\u011f\u0131 engellemeye \u00e7al\u0131\u015ft\u0131\u011f\u0131 s\u0131rada ya\u015fanan bo\u011fu\u015fma neticesinde b\u0131\u00e7a\u011f\u0131n e\u015fine sapland\u0131\u011f\u0131n\u0131 iddia etti\u011fi \u00f6\u011frenildi. Jandarmadaki i\u015flemleri tamamlanan A.B. Yata\u011fan Adliyesi\u2019ne sevk edildi. A.B. \u00e7\u0131kart\u0131ld\u0131\u011f\u0131 mahkemece tutuklanarak cezaevine g\u00f6nderildi.<br \/><\/p>\n","protected":false},"excerpt":{"rendered":"<p>Mu\u011fla\u2019n\u0131n Kavakl\u0131dere il\u00e7esinde e\u015fini b\u0131\u00e7aklayarak \u00f6ld\u00fcren \u015fah\u0131s, sevk edildi\u011fi adli makamlarca tutukland\u0131. Olay, \u00c7aml\u0131bel Mahallesi yayla evleri mevkiindeki bir evde gece saatlerinde meydana geldi. Edinilen bilgiye g\u00f6re, A.B. (51) ile e\u015fi Sermin Bacak (42) aras\u0131nda hen\u00fcz belirlenemeyen bir sebeple tart\u0131\u015fma \u00e7\u0131kt\u0131. K\u0131sa s\u00fcrede b\u00fcy\u00fcyen tart\u0131\u015fma b\u0131\u00e7akl\u0131 kavgaya d\u00f6n\u00fc\u015ft\u00fc. Ya\u015fanan bo\u011fu\u015fma s\u0131ras\u0131nda Sermin Bacak, e\u015finin b\u0131\u00e7ak&#8230;<\/p>\n","protected":false},"author":1,"featured_media":92798,"comment_status":"open","ping_status":"open","sticky":false,"template":"","format":"standard","meta":{"_crdt_document":"","footnotes":""},"categories":[5],"tags":[],"class_list":["post-92797","post","type-post","status-publish","format-standard","has-post-thumbnail","hentry","category-asayis"],"_links":{"self":[{"href":"https:\/\/www.egemtv.com\/index.php?rest_route=\/wp\/v2\/posts\/92797","targetHints":{"allow":["GET"]}}],"collection":[{"href":"https:\/\/www.egemtv.com\/index.php?rest_route=\/wp\/v2\/posts"}],"about":[{"href":"https:\/\/www.egemtv.com\/index.php?rest_route=\/wp\/v2\/types\/post"}],"author":[{"embeddable":true,"href":"https:\/\/www.egemtv.com\/index.php?rest_route=\/wp\/v2\/users\/1"}],"replies":[{"embeddable":true,"href":"https:\/\/www.egemtv.com\/index.php?rest_route=%2Fwp%2Fv2%2Fcomments&post=92797"}],"version-history":[{"count":1,"href":"https:\/\/www.egemtv.com\/index.php?rest_route=\/wp\/v2\/posts\/92797\/revisions"}],"predecessor-version":[{"id":92799,"href":"https:\/\/www.egemtv.com\/index.php?rest_route=\/wp\/v2\/posts\/92797\/revisions\/92799"}],"wp:featuredmedia":[{"embeddable":true,"href":"https:\/\/www.egemtv.com\/index.php?rest_route=\/wp\/v2\/media\/92798"}],"wp:attachment":[{"href":"https:\/\/www.egemtv.com\/index.php?rest_route=%2Fwp%2Fv2%2Fmedia&parent=92797"}],"wp:term":[{"taxonomy":"category","embeddable":true,"href":"https:\/\/www.egemtv.com\/index.php?rest_route=%2Fwp%2Fv2%2Fcategories&post=92797"},{"taxonomy":"post_tag","embeddable":true,"href":"https:\/\/www.egemtv.com\/index.php?rest_route=%2Fwp%2Fv2%2Ftags&post=92797"}],"curies":[{"name":"wp","href":"https:\/\/api.w.org\/{rel}","templated":true}]}}