{"id":92794,"date":"2026-03-08T18:34:39","date_gmt":"2026-03-08T15:34:39","guid":{"rendered":"https:\/\/www.egemtv.com\/?p=92794"},"modified":"2026-03-08T18:34:40","modified_gmt":"2026-03-08T15:34:40","slug":"kontrolden-cikan-otomobil-agaclara-ok-gibi-saplandi-2-olu-1-agir-yarali","status":"publish","type":"post","link":"https:\/\/www.egemtv.com\/?p=92794","title":{"rendered":"Kontrolden \u00e7\u0131kan otomobil a\u011fa\u00e7lara ok gibi sapland\u0131: 2 \u00f6l\u00fc, 1 a\u011f\u0131r yaral\u0131"},"content":{"rendered":"<p>Ayd\u0131n\u2019\u0131n Bozdo\u011fan il\u00e7esinde kontrolden \u00e7\u0131kan otomobilin yol kenar\u0131ndaki a\u011fa\u00e7lara \u00e7arpmas\u0131 sonucu meydana gelen trafik kazas\u0131nda 2 ki\u015fi hayat\u0131n\u0131 kaybetti, 1 ki\u015fi a\u011f\u0131r yaraland\u0131.<br \/>\n<br \/>Kaza, Haydere Mahallesi yolu \u00fczeri mezarl\u0131k mevkiinde meydana geldi. Edinilen bilgiye g\u00f6re, 09 AGJ 669 plakal\u0131 otomobil hen\u00fcz belirlenemeyen bir nedenle s\u00fcr\u00fcc\u00fcs\u00fcn\u00fcn direksiyon hakimiyetini kaybetmesi sonucu kontrolden \u00e7\u0131kt\u0131. Savrulan ara\u00e7 yol kenar\u0131nda bulunan a\u011fa\u00e7lara ok gibi sapland\u0131. \u00c7arpman\u0131n etkisi ara\u00e7 hurdaya d\u00f6nerken, i\u00e7erisindekiler de s\u0131k\u0131\u015ft\u0131.<br \/>\n<br \/>\u0130hbar \u00fczerine b\u00f6lgeye, jandarma, itfaiye ve sa\u011fl\u0131k ekipleri sevk edildi. Sa\u011fl\u0131k ekiplerinin yapt\u0131klar\u0131 kontrollerde otomobilde bulunan Ahmet Demir ve Fikriye Demir\u2019in olay yerinde hayat\u0131n\u0131 kaybetti\u011fi tespit edildi. Ara\u00e7ta s\u0131k\u0131\u015fan yabanc\u0131 uyruklu G.T. ise Ayd\u0131n B\u00fcy\u00fck\u015fehir Belediyesi \u0130tfaiye Daire Ba\u015fkanl\u0131\u011f\u0131 ekiplerinin yo\u011fun \u00e7al\u0131\u015fmas\u0131 sonucu bulundu\u011fu yerden \u00e7\u0131kar\u0131larak sa\u011fl\u0131k ekiplerine teslim edildi. Sa\u011fl\u0131k ekipleri taraf\u0131ndan da ilk m\u00fcdahalesi yap\u0131lan G.T. ambulansla hastaneye kald\u0131r\u0131ld\u0131. Hastanede tedavi alt\u0131na al\u0131nan \u015fahs\u0131n durumunun a\u011f\u0131r oldu\u011fu ve hayati tehlikesinin bulundu\u011fu \u00f6\u011frenildi.<br \/>\n<br \/>Olay yerinde ger\u00e7ekle\u015ftirilen \u00e7al\u0131\u015fmalar\u0131n ard\u0131ndan Ahmet ve Fikriye Demir\u2019in cans\u0131z bedenleri de hastane morguna kald\u0131r\u0131l\u0131rken, jandarma ekipleri de kaza ile ilgili inceleme ba\u015flatt\u0131.<br \/>\n<br \/>Olayla ilgili soru\u015fturma s\u00fcr\u00fcyor.<br \/><\/p>\n","protected":false},"excerpt":{"rendered":"<p>Ayd\u0131n\u2019\u0131n Bozdo\u011fan il\u00e7esinde kontrolden \u00e7\u0131kan otomobilin yol kenar\u0131ndaki a\u011fa\u00e7lara \u00e7arpmas\u0131 sonucu meydana gelen trafik kazas\u0131nda 2 ki\u015fi hayat\u0131n\u0131 kaybetti, 1 ki\u015fi a\u011f\u0131r yaraland\u0131. Kaza, Haydere Mahallesi yolu \u00fczeri mezarl\u0131k mevkiinde meydana geldi. Edinilen bilgiye g\u00f6re, 09 AGJ 669 plakal\u0131 otomobil hen\u00fcz belirlenemeyen bir nedenle s\u00fcr\u00fcc\u00fcs\u00fcn\u00fcn direksiyon hakimiyetini kaybetmesi sonucu kontrolden \u00e7\u0131kt\u0131. Savrulan ara\u00e7 yol kenar\u0131nda&#8230;<\/p>\n","protected":false},"author":1,"featured_media":92795,"comment_status":"open","ping_status":"open","sticky":false,"template":"","format":"standard","meta":{"_crdt_document":"","footnotes":""},"categories":[5],"tags":[],"class_list":["post-92794","post","type-post","status-publish","format-standard","has-post-thumbnail","hentry","category-asayis"],"_links":{"self":[{"href":"https:\/\/www.egemtv.com\/index.php?rest_route=\/wp\/v2\/posts\/92794","targetHints":{"allow":["GET"]}}],"collection":[{"href":"https:\/\/www.egemtv.com\/index.php?rest_route=\/wp\/v2\/posts"}],"about":[{"href":"https:\/\/www.egemtv.com\/index.php?rest_route=\/wp\/v2\/types\/post"}],"author":[{"embeddable":true,"href":"https:\/\/www.egemtv.com\/index.php?rest_route=\/wp\/v2\/users\/1"}],"replies":[{"embeddable":true,"href":"https:\/\/www.egemtv.com\/index.php?rest_route=%2Fwp%2Fv2%2Fcomments&post=92794"}],"version-history":[{"count":1,"href":"https:\/\/www.egemtv.com\/index.php?rest_route=\/wp\/v2\/posts\/92794\/revisions"}],"predecessor-version":[{"id":92796,"href":"https:\/\/www.egemtv.com\/index.php?rest_route=\/wp\/v2\/posts\/92794\/revisions\/92796"}],"wp:featuredmedia":[{"embeddable":true,"href":"https:\/\/www.egemtv.com\/index.php?rest_route=\/wp\/v2\/media\/92795"}],"wp:attachment":[{"href":"https:\/\/www.egemtv.com\/index.php?rest_route=%2Fwp%2Fv2%2Fmedia&parent=92794"}],"wp:term":[{"taxonomy":"category","embeddable":true,"href":"https:\/\/www.egemtv.com\/index.php?rest_route=%2Fwp%2Fv2%2Fcategories&post=92794"},{"taxonomy":"post_tag","embeddable":true,"href":"https:\/\/www.egemtv.com\/index.php?rest_route=%2Fwp%2Fv2%2Ftags&post=92794"}],"curies":[{"name":"wp","href":"https:\/\/api.w.org\/{rel}","templated":true}]}}