{"id":92791,"date":"2026-03-08T17:34:47","date_gmt":"2026-03-08T14:34:47","guid":{"rendered":"https:\/\/www.egemtv.com\/?p=92791"},"modified":"2026-03-08T17:34:49","modified_gmt":"2026-03-08T14:34:49","slug":"baskan-dutluludan-8-marta-cicekli-kutlama","status":"publish","type":"post","link":"https:\/\/www.egemtv.com\/?p=92791","title":{"rendered":"Ba\u015fkan Dutlulu\u2019dan 8 Mart\u2019a \u00e7i\u00e7ekli kutlama"},"content":{"rendered":"<p>Manisa B\u00fcy\u00fck\u015fehir Belediyesi, 8 Mart D\u00fcnya Kad\u0131nlar G\u00fcn\u00fc dolay\u0131s\u0131yla \u015eehzadeler ve Yunusemre il\u00e7elerinde kad\u0131nlara \u00e7i\u00e7ek da\u011f\u0131t\u0131m\u0131 ger\u00e7ekle\u015ftirdi. Manisa B\u00fcy\u00fck\u015fehir Belediye Ba\u015fkan\u0131 Besim Dutlulu\u2019nun kat\u0131l\u0131m\u0131yla g\u00fcn boyu s\u00fcren etkinliklerde, kad\u0131nlara Manisa B\u00fcy\u00fck\u015fehir Belediyesi seras\u0131nda yeti\u015ftirilen \u00e7i\u00e7ekler takdim edilerek g\u00fcnleri kutland\u0131.<br \/>\n<br \/>Yunusemre il\u00e7esindeki Laleli Pazaryeri\u2019nde ger\u00e7ekle\u015ftirilen \u00e7i\u00e7ek da\u011f\u0131t\u0131m\u0131na kat\u0131lan Manisa B\u00fcy\u00fck\u015fehir Belediye Ba\u015fkan\u0131 Besim Dutlulu, kad\u0131nlarla bir araya gelerek g\u00fcnlerini kutlad\u0131. Etkinli\u011fe Ba\u015fkan Dutlulu\u2019nun yan\u0131 s\u0131ra Yunusemre Belediye Ba\u015fkan\u0131 Semih Balaban, \u015eehzadeler Belediye Ba\u015fkan\u0131 Hakan \u015eim\u015fek, CHP Manisa \u0130l Ba\u015fkan\u0131 \u0130lksen \u00d6zalper, Manisa B\u00fcy\u00fck\u015fehir Belediyesi Genel Sekreteri Burak Deste ile Genel Sekreter Yard\u0131mc\u0131lar\u0131 Erk Kayaba\u015f ve Ahmet Ata Temiz kat\u0131ld\u0131.<br \/>\n<br \/>\u00c7i\u00e7ek da\u011f\u0131t\u0131m\u0131n\u0131n ard\u0131ndan a\u00e7\u0131klamalarda bulunan Ba\u015fkan Dutlulu, kad\u0131nlar\u0131n toplumun her alan\u0131ndaki hayati rollerine dikkat \u00e7ekti. Ba\u015fkan Dutlulu, &#8220;Ailede, i\u015f hayat\u0131nda ve toplumun her kademesinde kad\u0131nlar \u00e7ok \u00f6nemli roller \u00fcstleniyor. Bug\u00fcn, onlar\u0131n 8 Mart D\u00fcnya Kad\u0131nlar G\u00fcn\u00fc\u2019n\u00fc kutlamak ad\u0131na k\u00fc\u00e7\u00fck bir hat\u0131ra takdim etmek istedik. Herkesi hayatlar\u0131ndaki kad\u0131nlara, annelerine, e\u015flerine, dostlar\u0131na hak ettikleri de\u011feri g\u00f6stermeye davet ediyorum. Onlar bizim en de\u011ferlilerimiz&#8221; dedi.<br \/>\n<br \/>\u00c7i\u00e7ek da\u011f\u0131t\u0131m\u0131n\u0131n ard\u0131ndan pazaryerini gezen Ba\u015fkan Dutlulu, esnaflarla sohbet ederek hay\u0131rl\u0131 i\u015fler diledi. Vatanda\u015flar\u0131n taleplerini de dinleyen Dutlulu, hem esnafa hem de al\u0131\u015fveri\u015f yapan kad\u0131nlara Manisa B\u00fcy\u00fck\u015fehir Belediyesi\u2019nin seras\u0131nda yeti\u015ftirilen \u00e7i\u00e7eklerden hediye etti.<br \/>\n<br \/>\u015eehzadeler il\u00e7e merkezinde de e\u015f zamanl\u0131 olarak devam eden etkinliklerle kentteki pek \u00e7ok kad\u0131na ula\u015f\u0131larak 8 Mart D\u00fcnya Kad\u0131nlar G\u00fcn\u00fc co\u015fkusu payla\u015f\u0131ld\u0131.<br \/><\/p>\n","protected":false},"excerpt":{"rendered":"<p>Manisa B\u00fcy\u00fck\u015fehir Belediyesi, 8 Mart D\u00fcnya Kad\u0131nlar G\u00fcn\u00fc dolay\u0131s\u0131yla \u015eehzadeler ve Yunusemre il\u00e7elerinde kad\u0131nlara \u00e7i\u00e7ek da\u011f\u0131t\u0131m\u0131 ger\u00e7ekle\u015ftirdi. Manisa B\u00fcy\u00fck\u015fehir Belediye Ba\u015fkan\u0131 Besim Dutlulu\u2019nun kat\u0131l\u0131m\u0131yla g\u00fcn boyu s\u00fcren etkinliklerde, kad\u0131nlara Manisa B\u00fcy\u00fck\u015fehir Belediyesi seras\u0131nda yeti\u015ftirilen \u00e7i\u00e7ekler takdim edilerek g\u00fcnleri kutland\u0131. Yunusemre il\u00e7esindeki Laleli Pazaryeri\u2019nde ger\u00e7ekle\u015ftirilen \u00e7i\u00e7ek da\u011f\u0131t\u0131m\u0131na kat\u0131lan Manisa B\u00fcy\u00fck\u015fehir Belediye Ba\u015fkan\u0131 Besim Dutlulu, kad\u0131nlarla bir&#8230;<\/p>\n","protected":false},"author":1,"featured_media":92792,"comment_status":"open","ping_status":"open","sticky":false,"template":"","format":"standard","meta":{"_crdt_document":"","footnotes":""},"categories":[123],"tags":[],"class_list":["post-92791","post","type-post","status-publish","format-standard","has-post-thumbnail","hentry","category-gundem"],"_links":{"self":[{"href":"https:\/\/www.egemtv.com\/index.php?rest_route=\/wp\/v2\/posts\/92791","targetHints":{"allow":["GET"]}}],"collection":[{"href":"https:\/\/www.egemtv.com\/index.php?rest_route=\/wp\/v2\/posts"}],"about":[{"href":"https:\/\/www.egemtv.com\/index.php?rest_route=\/wp\/v2\/types\/post"}],"author":[{"embeddable":true,"href":"https:\/\/www.egemtv.com\/index.php?rest_route=\/wp\/v2\/users\/1"}],"replies":[{"embeddable":true,"href":"https:\/\/www.egemtv.com\/index.php?rest_route=%2Fwp%2Fv2%2Fcomments&post=92791"}],"version-history":[{"count":1,"href":"https:\/\/www.egemtv.com\/index.php?rest_route=\/wp\/v2\/posts\/92791\/revisions"}],"predecessor-version":[{"id":92793,"href":"https:\/\/www.egemtv.com\/index.php?rest_route=\/wp\/v2\/posts\/92791\/revisions\/92793"}],"wp:featuredmedia":[{"embeddable":true,"href":"https:\/\/www.egemtv.com\/index.php?rest_route=\/wp\/v2\/media\/92792"}],"wp:attachment":[{"href":"https:\/\/www.egemtv.com\/index.php?rest_route=%2Fwp%2Fv2%2Fmedia&parent=92791"}],"wp:term":[{"taxonomy":"category","embeddable":true,"href":"https:\/\/www.egemtv.com\/index.php?rest_route=%2Fwp%2Fv2%2Fcategories&post=92791"},{"taxonomy":"post_tag","embeddable":true,"href":"https:\/\/www.egemtv.com\/index.php?rest_route=%2Fwp%2Fv2%2Ftags&post=92791"}],"curies":[{"name":"wp","href":"https:\/\/api.w.org\/{rel}","templated":true}]}}